{"id":327,"date":"2024-04-25T23:07:15","date_gmt":"2024-04-26T02:07:15","guid":{"rendered":"https:\/\/elfaroonline.com.ar\/?p=327"},"modified":"2024-04-25T23:07:15","modified_gmt":"2024-04-26T02:07:15","slug":"el-gobernador-fue-invitado-a-participar-del-30-aniversario-del-atentado-a-la-amia","status":"publish","type":"post","link":"https:\/\/elfaroonline.com.ar\/index.php\/2024\/04\/25\/el-gobernador-fue-invitado-a-participar-del-30-aniversario-del-atentado-a-la-amia\/","title":{"rendered":"El Gobernador fue invitado a participar del 30\u00b0 aniversario del atentado a la AMIA"},"content":{"rendered":"<div>\n<p class=\"v1MsoNormal\">El gobernador Ra\u00fal Jalil recibi\u00f3 al Gran Rabino de la Asociaci\u00f3n Mutual Israelita Argentina (AMIA), Eliahu Hamra. En esta ocasi\u00f3n, el Rabino, en nombre de toda la comunidad jud\u00eda del pa\u00eds, invit\u00f3 al mandatario a los actos por el 30\u00b0 aniversario del atentado sufrido por la AMIA.<\/p>\n<p class=\"v1MsoNormal\">El pr\u00f3ximo martes 25 de junio tendr\u00e1 lugar, en el edificio de Pasteur 633, el encuentro Federal por la Memoria, convocado por el Vaad Hakehilot (Federaci\u00f3n de Comunidades Jud\u00edas de la Argentina). All\u00ed, se rendir\u00e1 honor a todas las v\u00edctimas fatales del ataque perpetrado en 1994.<\/p>\n<p class=\"v1MsoNormal\">&#8220;Para la realizaci\u00f3n de este encuentro tan relevante, estamos manteniendo una serie de reuniones con los mandatarios provinciales, a efectos de invitarlos de manera personal, a participar de esta jornada en honor a todas las v\u00edctimas fatales del ataque perpetrado el 18 de julio de 1994&#8221;, se\u00f1alaron desde el Vaad Hakehilot. Por ello, tambi\u00e9n ya han recibido la invitaci\u00f3n personalmente los gobernadores de Chaco, Chubut, San Juan, Jujuy, R\u00edo Negro, Santiago del Estero, Neuqu\u00e9n, Misiones, entre otros.<\/p>\n<p class=\"v1MsoNormal\">Al final del encuentro, el rabino Hamra obsequi\u00f3 al gobernador Ra\u00fal Jalil una fotograf\u00eda de &#8220;El muro de la memoria&#8221;, que fue pintado por el artista Mart\u00edn Ron en 2018.<\/p>\n<\/div>\n","protected":false},"excerpt":{"rendered":"<p>El gobernador Ra\u00fal Jalil recibi\u00f3 al Gran Rabino de la Asociaci\u00f3n Mutual Israelita Argentina (AMIA), Eliahu Hamra. En esta ocasi\u00f3n, el Rabino, en nombre de toda la comunidad jud\u00eda del pa\u00eds, invit\u00f3 al mandatario a los actos por el 30\u00b0 aniversario del atentado sufrido por la AMIA. El pr\u00f3ximo martes 25 de junio tendr\u00e1 lugar, [&hellip;]<\/p>\n","protected":false},"author":2,"featured_media":328,"comment_status":"open","ping_status":"open","sticky":false,"template":"","format":"standard","meta":{"footnotes":""},"categories":[21],"tags":[],"class_list":{"0":"post-327","1":"post","2":"type-post","3":"status-publish","4":"format-standard","5":"has-post-thumbnail","7":"category-politica"},"aioseo_notices":[],"_links":{"self":[{"href":"https:\/\/elfaroonline.com.ar\/index.php\/wp-json\/wp\/v2\/posts\/327","targetHints":{"allow":["GET"]}}],"collection":[{"href":"https:\/\/elfaroonline.com.ar\/index.php\/wp-json\/wp\/v2\/posts"}],"about":[{"href":"https:\/\/elfaroonline.com.ar\/index.php\/wp-json\/wp\/v2\/types\/post"}],"author":[{"embeddable":true,"href":"https:\/\/elfaroonline.com.ar\/index.php\/wp-json\/wp\/v2\/users\/2"}],"replies":[{"embeddable":true,"href":"https:\/\/elfaroonline.com.ar\/index.php\/wp-json\/wp\/v2\/comments?post=327"}],"version-history":[{"count":1,"href":"https:\/\/elfaroonline.com.ar\/index.php\/wp-json\/wp\/v2\/posts\/327\/revisions"}],"predecessor-version":[{"id":329,"href":"https:\/\/elfaroonline.com.ar\/index.php\/wp-json\/wp\/v2\/posts\/327\/revisions\/329"}],"wp:featuredmedia":[{"embeddable":true,"href":"https:\/\/elfaroonline.com.ar\/index.php\/wp-json\/wp\/v2\/media\/328"}],"wp:attachment":[{"href":"https:\/\/elfaroonline.com.ar\/index.php\/wp-json\/wp\/v2\/media?parent=327"}],"wp:term":[{"taxonomy":"category","embeddable":true,"href":"https:\/\/elfaroonline.com.ar\/index.php\/wp-json\/wp\/v2\/categories?post=327"},{"taxonomy":"post_tag","embeddable":true,"href":"https:\/\/elfaroonline.com.ar\/index.php\/wp-json\/wp\/v2\/tags?post=327"}],"curies":[{"name":"wp","href":"https:\/\/api.w.org\/{rel}","templated":true}]}}