{"id":3272,"date":"2025-02-01T12:17:40","date_gmt":"2025-02-01T15:17:40","guid":{"rendered":"https:\/\/elfaroonline.com.ar\/?p=3272"},"modified":"2025-02-01T12:17:40","modified_gmt":"2025-02-01T15:17:40","slug":"aumento-de-tarifas-la-luz-sube-15-el-gas-16-y-el-gobierno-reduce-los-subsidios-a-la-clase-media","status":"publish","type":"post","link":"https:\/\/elfaroonline.com.ar\/index.php\/2025\/02\/01\/aumento-de-tarifas-la-luz-sube-15-el-gas-16-y-el-gobierno-reduce-los-subsidios-a-la-clase-media\/","title":{"rendered":"Aumento de tarifas: la luz sube 1,5%, el gas 1,6% y el Gobierno reduce los subsidios a la clase media"},"content":{"rendered":"<div class=\"sc-80531b6b-0 chRIGJ container-text text-embed\">\n<p>El Gobierno decidi\u00f3 que<strong> en febrero habr\u00e1 un aumento de las tarifas de energ\u00eda el\u00e9ctrica de 1,5% promedio para el \u00c1rea Metropolitana de Buenos Aires (AMBA) y de 1,6% promedio para el gas natural por redes en todo el pa\u00eds<\/strong>.<\/p>\n<\/div>\n<div class=\"sc-80531b6b-0 chRIGJ container-text text-embed\">\n<p>De esa forma, el ministro de Econom\u00eda, Luis Caputo, busca consolidar la <strong>baja de la inflaci\u00f3n<\/strong> y mediante el pulso de los precios regulados, marcarle la cancha a todo el resto de productores de bienes y servicios de la Argentina. En enero, la &#8220;pauta de inflaci\u00f3n&#8221; mediante precios regulados hab\u00eda sido de 1,6% en la luz y 1,8% en el gas. Las tarifas tienen un elevado peso en el humor social y en los costos de producci\u00f3n.<\/p>\n<div class=\"sc-80531b6b-0 chRIGJ container-text text-embed\">\n<p>Adem\u00e1s,<strong> el Gobierno avanz\u00f3 nuevamente con la quita de una parte de los subsidios a la energ\u00eda para los hogares de clase media y pobres<\/strong>.<\/p>\n<\/div>\n<div class=\"sc-23e4af8c-7 cWXDCp bannerCollapse\">\n<div id=\"div-gpt-ad-inread\" class=\"sc-d0f79270-0 lcvdWI bannerSRA\" data-google-query-id=\"CKatqbHhoosDFexM3QId9IcdSg\">\n<div id=\"google_ads_iframe_\/242767168\/clarin\/economia\/nota\/inread_0__container__\"><iframe loading=\"lazy\" id=\"google_ads_iframe_\/242767168\/clarin\/economia\/nota\/inread_0\" tabindex=\"0\" title=\"3rd party ad content\" src=\"https:\/\/0ce2abd1e07fbcdfa8a9afa53068fec3.safeframe.googlesyndication.com\/safeframe\/1-0-40\/html\/container.html\" name=\"\" width=\"0\" height=\"0\" frameborder=\"0\" marginwidth=\"0\" marginheight=\"0\" scrolling=\"no\" sandbox=\"allow-forms allow-popups allow-popups-to-escape-sandbox allow-same-origin allow-scripts allow-top-navigation-by-user-activation\" data-is-safeframe=\"true\" aria-label=\"Advertisement\" data-google-container-id=\"e\" data-gtm-yt-inspected-61897_520=\"true\" data-gtm-yt-inspected-32=\"true\" data-gtm-yt-inspected-8=\"true\" data-readystate=\"complete\" data-load-complete=\"true\" data-mce-fragment=\"1\"><\/iframe><\/div>\n<\/div>\n<\/div>\n<div class=\"sc-80531b6b-0 chRIGJ container-text text-embed\">\n<p>Las medidas fueron publicadas este viernes 31 de enero en el Bolet\u00edn Oficial, mediante las resoluciones 24, 25 y 26 de la Secretar\u00eda de Energ\u00eda, que conduce Mar\u00eda del Carmen Tettamanti; las resoluciones 60 a 69 del Ente Nacional Regulador del Gas (Enargas), intervenido por Carlos Casares; y las resoluciones 82 a 89 del Ente Nacional Regulador de la Electricidad (ENRE), cuyo interventor es Osvaldo Rolando.<\/p>\n<\/div>\n<div class=\"sc-80531b6b-0 chRIGJ container-text text-embed\">\n<p>&#8220;A los fines de garantizar un suministro de gas y energ\u00eda el\u00e9ctrica sostenible y equitativo para todos los usuarios, evitar el desabastecimiento y asegurar la viabilidad econ\u00f3mica del sector energ\u00e9tico, el Gobierno actualiz\u00f3 los precios para febrero de 2025&#8221;, comunic\u00f3 Energ\u00eda.<\/p>\n<\/div>\n<div class=\"sc-80531b6b-0 chRIGJ container-text text-embed\">\n<p>Lo distintivo esta vez es que <strong>se unificaron las bonificaciones que ten\u00edan hasta ahora los usuarios de ingresos bajos (Nivel 2, &#8220;N2&#8221;) e ingresos medios (Nivel 3, &#8220;N3&#8221;) de la segmentaci\u00f3n de tarifas<\/strong> que est\u00e1 vigente desde fines de 2022 y que caducar\u00eda en mayo de este a\u00f1o para ser reemplazado por otro sistema de ayuda del Estado nacional.<\/p>\n<div class=\"sc-80531b6b-0 chRIGJ container-text text-embed\">\n<p><strong>Ahora los usuarios N2 tendr\u00e1n un 65% de bonificaci\u00f3n sobre el Precio Estacional (PEST) de la energ\u00eda el\u00e9ctrica y sobre el precio del gas natural<\/strong> en el Punto de Ingreso al Sistema de Transporte (PIST) para sus consumos &#8220;base&#8221;, que en la electricidad es de 350 kilovatios-hora (kWh) y en el gas por red depende de cada regi\u00f3n.<\/p>\n<\/div>\n<div class=\"sc-80531b6b-0 chRIGJ container-text text-embed\">\n<p><strong>Hasta el momento esas bonificaciones eran de 71,92% en la electricidad y de 64% en el gas sobre los consumos &#8220;base&#8221;<\/strong>, y 0% sobre los excedentes -que esto se mantiene sin cambios-. Es decir, habr\u00e1 menos subsidios a la luz y un poco m\u00e1s al gas para los hogares de menores ingresos.<\/p>\n<\/div>\n<div class=\"sc-80531b6b-0 chRIGJ container-text text-embed\">\n<p>Mientras tanto,<strong> los usuarios N3<\/strong> -mayoritariamente de clase media y con ingresos que van desde los $ 1.025.000 hasta los $ 3.600.000 mensuales por hogar- <strong>tendr\u00e1n una bonificaci\u00f3n del 50%<\/strong> en los consumos &#8220;base&#8221; (250 kilovatios-hora el\u00e9ctricos) sobre el precio mayorista de la energ\u00eda y el gas;<strong> ese descuento era hasta hoy del 55,94% y del 55%<\/strong>, respectivamente.<\/p>\n<div class=\"sc-80531b6b-0 chRIGJ container-text text-embed\">\n<p>Por lo tanto, hay un peque\u00f1o avance del Gobierno para que los costos de la energ\u00eda se reflejen en las tarifas que pagan los usuarios y, de esa forma, el Estado obtenga un ahorro fiscal en subsidios, cuya magnitud no se inform\u00f3 oficialmente.<\/p>\n<\/div>\n<div class=\"sc-80531b6b-0 chRIGJ container-text text-embed\">\n<p>Por otro lado, con el Decreto 51\/2025, <strong>el Gobierno dej\u00f3 congelados los impuestos a los combustibles<\/strong>, por lo que dej\u00f3 un espacio a las petroleras para que el aumento de la nafta y el gasoil sea de entre 1% -como quisiera Caputo para anclar la inflaci\u00f3n- y 4%, como desean algunas empresas del sector para recuperar m\u00e1rgenes tras la suba internacional del petr\u00f3leo.<\/p>\n<\/div>\n<\/div>\n<\/div>\n<\/div>\n","protected":false},"excerpt":{"rendered":"<p>El Gobierno decidi\u00f3 que en febrero habr\u00e1 un aumento de las tarifas de energ\u00eda el\u00e9ctrica de 1,5% promedio para el \u00c1rea Metropolitana de Buenos Aires (AMBA) y de 1,6% promedio para el gas natural por redes en todo el pa\u00eds. De esa forma, el ministro de Econom\u00eda, Luis Caputo, busca consolidar la baja de la [&hellip;]<\/p>\n","protected":false},"author":2,"featured_media":3273,"comment_status":"open","ping_status":"open","sticky":false,"template":"","format":"standard","meta":{"footnotes":""},"categories":[22],"tags":[],"class_list":{"0":"post-3272","1":"post","2":"type-post","3":"status-publish","4":"format-standard","5":"has-post-thumbnail","7":"category-nacionales"},"aioseo_notices":[],"_links":{"self":[{"href":"https:\/\/elfaroonline.com.ar\/index.php\/wp-json\/wp\/v2\/posts\/3272","targetHints":{"allow":["GET"]}}],"collection":[{"href":"https:\/\/elfaroonline.com.ar\/index.php\/wp-json\/wp\/v2\/posts"}],"about":[{"href":"https:\/\/elfaroonline.com.ar\/index.php\/wp-json\/wp\/v2\/types\/post"}],"author":[{"embeddable":true,"href":"https:\/\/elfaroonline.com.ar\/index.php\/wp-json\/wp\/v2\/users\/2"}],"replies":[{"embeddable":true,"href":"https:\/\/elfaroonline.com.ar\/index.php\/wp-json\/wp\/v2\/comments?post=3272"}],"version-history":[{"count":1,"href":"https:\/\/elfaroonline.com.ar\/index.php\/wp-json\/wp\/v2\/posts\/3272\/revisions"}],"predecessor-version":[{"id":3274,"href":"https:\/\/elfaroonline.com.ar\/index.php\/wp-json\/wp\/v2\/posts\/3272\/revisions\/3274"}],"wp:featuredmedia":[{"embeddable":true,"href":"https:\/\/elfaroonline.com.ar\/index.php\/wp-json\/wp\/v2\/media\/3273"}],"wp:attachment":[{"href":"https:\/\/elfaroonline.com.ar\/index.php\/wp-json\/wp\/v2\/media?parent=3272"}],"wp:term":[{"taxonomy":"category","embeddable":true,"href":"https:\/\/elfaroonline.com.ar\/index.php\/wp-json\/wp\/v2\/categories?post=3272"},{"taxonomy":"post_tag","embeddable":true,"href":"https:\/\/elfaroonline.com.ar\/index.php\/wp-json\/wp\/v2\/tags?post=3272"}],"curies":[{"name":"wp","href":"https:\/\/api.w.org\/{rel}","templated":true}]}}