{"id":3275,"date":"2025-02-01T12:23:30","date_gmt":"2025-02-01T15:23:30","guid":{"rendered":"https:\/\/elfaroonline.com.ar\/?p=3275"},"modified":"2025-02-01T12:23:30","modified_gmt":"2025-02-01T15:23:30","slug":"llegaron-los-primeros-peruanos-deportados-del-gobierno-de-donald-trump-34-connacionales-aterrizaron-esta-madrugada","status":"publish","type":"post","link":"https:\/\/elfaroonline.com.ar\/index.php\/2025\/02\/01\/llegaron-los-primeros-peruanos-deportados-del-gobierno-de-donald-trump-34-connacionales-aterrizaron-esta-madrugada\/","title":{"rendered":"Llegaron los primeros peruanos deportados del gobierno de Donald Trump: 34 connacionales aterrizaron esta madrugada"},"content":{"rendered":"<p>Desde el 2022, al menos 12 mil peruanos han retornado al Per\u00fa por orden del gobierno estadounidense, seg\u00fan el canciller Elmer Schialer.<\/p>\n<p>Contin\u00faan las <b>deportaciones<\/b> de ciudadanos indocumentados en los Estados Unidos. Durante la madrugada del 1 de febrero de 2025, el gobierno peruano atendi\u00f3 la llegada de <b>34 connacionales<\/b>, cifra menor a la registrada en otros pa\u00edses de la regi\u00f3n.<\/p>\n<p class=\"paragraph\" data-mrf-recirculation=\"Links inline\">El canciller Elmer Schialer ha confirmado que durante los \u00faltimos 30 meses (durante el gobierno de <b>Joe Biden<\/b>) se registraron 101 vuelos con m\u00e1s de<b> 12 mil peruanos y peruanas deportadas<\/b>. El exembajador de Per\u00fa en Estados Unidos, Carlos Pareja, indic\u00f3 que existen alrededor de 400 mil peruanos en situaci\u00f3n irregular. \u201cTodos esos est\u00e1n sujetos a la deportaci\u00f3n. Hay muchos que han entrado por la frontera, otros entran con visa y luego se convierten en indocumentados\u201d, indic\u00f3 en conversaci\u00f3n con Canal N.<\/p>\n<p class=\"paragraph\" data-mrf-recirculation=\"Links inline\">Durante los \u00faltimos d\u00edas, el gobierno de Donald Trump dispuso la deportaci\u00f3n de los ciudadanos que se encuentren en situaci\u00f3n irregular en los Estados Unidos. El hecho provoc\u00f3 una breve crisis diplom\u00e1tica entre los Estados Unidos y Colombia por el trato que recibieron los retornados. Desde Per\u00fa, la Canciller\u00eda inform\u00f3 que atender\u00eda la deportaci\u00f3n de los connacionales. \u201cQue los deporten r\u00e1pidamente. (&#8230;) Nosotros no queremos tener peruanos detenidos en centros de detenci\u00f3n para expulsi\u00f3n por meses\u201d, indic\u00f3 <b>Elmer Schialer<\/b>.<\/p>\n<div class=\"headline-wrapper\">\n<h2 class=\"header headline-class-h2\">\u00bfC\u00f3mo actuar ante una detenci\u00f3n?<\/h2>\n<\/div>\n<p class=\"paragraph\" data-mrf-recirculation=\"Links inline\">\u200b\u200bEl Ministerio de Relaciones Exteriores ha compartido una serie de recomendaciones en caso un ciudadano peruano haya sido detenido o entregado a una autoridad migratoria de Estados Unidos, como el <b>Servicio de Inmigraci\u00f3n y Control de Aduanas<\/b> (ICE), la <b>Oficina de Aduanas y Protecci\u00f3n Fronteriza<\/b> (CBP) o el <b>Departamento de Seguridad Nacional<\/b> (DHS). Los privados de su libertad deben seguir las siguientes indicaciones:<\/p>\n<ul class=\"list\" data-icon=\"\u2b24\">\n<li data-icon=\"\u2b24\">Mantener la calma, no resistirse, ni obstruir el trabajo de los agentes u oficiales<\/li>\n<li data-icon=\"\u2b24\">No mentir ni entregar documentos falsos<\/li>\n<li data-icon=\"\u2b24\">Anticiparse a la situaci\u00f3n y hablar con su familia sobre c\u00f3mo actuar ante una posible detenci\u00f3n<\/li>\n<li data-icon=\"\u2b24\">Memorizar el n\u00famero de contacto de sus familiares y abogado<\/li>\n<li data-icon=\"\u2b24\">Tener un plan de emergencia si cuenta con un familiar que debe tomar medicamentos<\/li>\n<li data-icon=\"\u2b24\">Recordar el n\u00famero de detenci\u00f3n que empieza por A, compartir con su familia para que les sea m\u00e1s r\u00e1pido ubicarlo<\/li>\n<\/ul>\n<p class=\"paragraph\" data-mrf-recirculation=\"Links inline\">Los peruanos detenidos por razones migratorias deben comunicarse con los consulados. En los Estados Unidos, el Per\u00fa cuenta con <b>oficinas consulares<\/b> en Atlanta, Boston, Chicago, Dallas, Denver, Hartford, Houston, Los Angeles, Miami, Paterson, Nueva York, San Francisco, Washington DC, Phoenix y Salt Lake City.<\/p>\n<p class=\"paragraph\" data-mrf-recirculation=\"Links inline\">Estas entidades ofrecen <b>asesor\u00eda y orientaci\u00f3n legal <\/b>a todos los peruanos y peruanas que se encuentran en territorio norteamericano. La llamada a un consulado no limita el derecho a una llamada a un miembro de la familia. Es importante que el ciudadano en situaci\u00f3n migratoria irregular coordine con sus m\u00e1s allegados las acciones a tomar en caso sean detenidos por las autoridades.<\/p>\n","protected":false},"excerpt":{"rendered":"<p>Desde el 2022, al menos 12 mil peruanos han retornado al Per\u00fa por orden del gobierno estadounidense, seg\u00fan el canciller Elmer Schialer. Contin\u00faan las deportaciones de ciudadanos indocumentados en los Estados Unidos. Durante la madrugada del 1 de febrero de 2025, el gobierno peruano atendi\u00f3 la llegada de 34 connacionales, cifra menor a la registrada [&hellip;]<\/p>\n","protected":false},"author":2,"featured_media":3276,"comment_status":"open","ping_status":"open","sticky":false,"template":"","format":"standard","meta":{"footnotes":""},"categories":[24],"tags":[],"class_list":{"0":"post-3275","1":"post","2":"type-post","3":"status-publish","4":"format-standard","5":"has-post-thumbnail","7":"category-mundo"},"aioseo_notices":[],"_links":{"self":[{"href":"https:\/\/elfaroonline.com.ar\/index.php\/wp-json\/wp\/v2\/posts\/3275","targetHints":{"allow":["GET"]}}],"collection":[{"href":"https:\/\/elfaroonline.com.ar\/index.php\/wp-json\/wp\/v2\/posts"}],"about":[{"href":"https:\/\/elfaroonline.com.ar\/index.php\/wp-json\/wp\/v2\/types\/post"}],"author":[{"embeddable":true,"href":"https:\/\/elfaroonline.com.ar\/index.php\/wp-json\/wp\/v2\/users\/2"}],"replies":[{"embeddable":true,"href":"https:\/\/elfaroonline.com.ar\/index.php\/wp-json\/wp\/v2\/comments?post=3275"}],"version-history":[{"count":1,"href":"https:\/\/elfaroonline.com.ar\/index.php\/wp-json\/wp\/v2\/posts\/3275\/revisions"}],"predecessor-version":[{"id":3277,"href":"https:\/\/elfaroonline.com.ar\/index.php\/wp-json\/wp\/v2\/posts\/3275\/revisions\/3277"}],"wp:featuredmedia":[{"embeddable":true,"href":"https:\/\/elfaroonline.com.ar\/index.php\/wp-json\/wp\/v2\/media\/3276"}],"wp:attachment":[{"href":"https:\/\/elfaroonline.com.ar\/index.php\/wp-json\/wp\/v2\/media?parent=3275"}],"wp:term":[{"taxonomy":"category","embeddable":true,"href":"https:\/\/elfaroonline.com.ar\/index.php\/wp-json\/wp\/v2\/categories?post=3275"},{"taxonomy":"post_tag","embeddable":true,"href":"https:\/\/elfaroonline.com.ar\/index.php\/wp-json\/wp\/v2\/tags?post=3275"}],"curies":[{"name":"wp","href":"https:\/\/api.w.org\/{rel}","templated":true}]}}