{"id":3279,"date":"2025-03-01T05:36:26","date_gmt":"2025-03-01T08:36:26","guid":{"rendered":"https:\/\/elfaroonline.com.ar\/?p=3279"},"modified":"2025-03-01T05:36:26","modified_gmt":"2025-03-01T08:36:26","slug":"actualizacion-del-stock-de-colmenas-en-catamarca-para-garantizar-la-sanidad-apicola","status":"publish","type":"post","link":"https:\/\/elfaroonline.com.ar\/index.php\/2025\/03\/01\/actualizacion-del-stock-de-colmenas-en-catamarca-para-garantizar-la-sanidad-apicola\/","title":{"rendered":"Actualizaci\u00f3n del stock de colmenas en Catamarca para garantizar la sanidad ap\u00edcola"},"content":{"rendered":"<p class=\"v1MsoNormal\"><i>Los productores inscriptos en el Registro Nacional de Productores Ap\u00edcolas (RENAPA) tienen plazo hasta el 1 de julio para actualizar la cantidad de colmenas registradas por apiario.<\/i><\/p>\n<p class=\"v1MsoNormal\">El Ministerio de Inclusi\u00f3n Digital y Sistemas Productivos, a trav\u00e9s de la Divisi\u00f3n de Fiscalizaci\u00f3n Ap\u00edcola de la Direcci\u00f3n Provincial de Agricultura, convoca a los productores de Catamarca a realizar este tr\u00e1mite obligatorio, cuyo plazo vence el 1 de julio del corriente an\u0303o.<\/p>\n<p class=\"v1MsoNormal\">La actualizaci\u00f3n debe gestionarse de manera presencial en el Pabell\u00f3n 28 del Centro Administrativo del Poder Ejecutivo (CAPE), de lunes a viernes, en el horario de 7:00 a 13:00, o a trav\u00e9s del correo electr\u00f3nico <a href=\"mailto:fiscalizapicultura@gmail.com\" rel=\"noreferrer\">fiscalizapicultura@gmail.com<\/a>.<\/p>\n<p class=\"v1MsoNormal\">Esta medida, de alcance nacional, es fundamental para fortalecer la trazabilidad y el monitoreo sanitario de los apiarios, garantizando la sanidad de las colmenas y permitiendo una respuesta ra\u0301pida ante posibles amenazas, como el Peque\u00f1o Escarabajo de las Colmenas (PEC), una plaga presente en pai\u0301ses vecinos.<\/p>\n<p class=\"v1MsoNormal\">Ante la sospecha de la presencia del PEC, es obligatorio notificar de inmediato al Senasa. Para ello, se puede contactar a trav\u00e9s de WhatsApp al <a href=\"tel:(11) 5700-5704\">(11) 5700-5704<\/a>, enviar un correo a <a href=\"mailto:notificaciones@senasa.gob.ar\" rel=\"noreferrer\">notificaciones@senasa.gob.ar<\/a>, completar el formulario &#8220;Avisa\u0301 al Senasa&#8221; en su sitio web oficial, o acudir personalmente o por tel\u00e9fono a la oficina de Senasa ma\u0301s cercana.<\/p>\n<p class=\"v1MsoNormal\">Actualmente, Catamarca cuenta con 240 productores inscriptos en el RENAPA, distribuidos en 15 de los 16 departamentos de la provincia. La producci\u00f3n de miel en la regi\u00f3n presenta una amplia variedad de colores, determinados por las flores de origen. En general, las mieles claras son m\u00e1s suaves y dulces, mientras que las oscuras tienen sabores m\u00e1s intensos y un mayor contenido de minerales, dependiendo de la zona geogr\u00e1fica.<\/p>\n","protected":false},"excerpt":{"rendered":"<p>Los productores inscriptos en el Registro Nacional de Productores Ap\u00edcolas (RENAPA) tienen plazo hasta el 1 de julio para actualizar la cantidad de colmenas registradas por apiario. El Ministerio de Inclusi\u00f3n Digital y Sistemas Productivos, a trav\u00e9s de la Divisi\u00f3n de Fiscalizaci\u00f3n Ap\u00edcola de la Direcci\u00f3n Provincial de Agricultura, convoca a los productores de Catamarca [&hellip;]<\/p>\n","protected":false},"author":2,"featured_media":3280,"comment_status":"open","ping_status":"open","sticky":false,"template":"","format":"standard","meta":{"footnotes":""},"categories":[20],"tags":[],"class_list":{"0":"post-3279","1":"post","2":"type-post","3":"status-publish","4":"format-standard","5":"has-post-thumbnail","7":"category-sociedad"},"aioseo_notices":[],"_links":{"self":[{"href":"https:\/\/elfaroonline.com.ar\/index.php\/wp-json\/wp\/v2\/posts\/3279","targetHints":{"allow":["GET"]}}],"collection":[{"href":"https:\/\/elfaroonline.com.ar\/index.php\/wp-json\/wp\/v2\/posts"}],"about":[{"href":"https:\/\/elfaroonline.com.ar\/index.php\/wp-json\/wp\/v2\/types\/post"}],"author":[{"embeddable":true,"href":"https:\/\/elfaroonline.com.ar\/index.php\/wp-json\/wp\/v2\/users\/2"}],"replies":[{"embeddable":true,"href":"https:\/\/elfaroonline.com.ar\/index.php\/wp-json\/wp\/v2\/comments?post=3279"}],"version-history":[{"count":2,"href":"https:\/\/elfaroonline.com.ar\/index.php\/wp-json\/wp\/v2\/posts\/3279\/revisions"}],"predecessor-version":[{"id":3322,"href":"https:\/\/elfaroonline.com.ar\/index.php\/wp-json\/wp\/v2\/posts\/3279\/revisions\/3322"}],"wp:featuredmedia":[{"embeddable":true,"href":"https:\/\/elfaroonline.com.ar\/index.php\/wp-json\/wp\/v2\/media\/3280"}],"wp:attachment":[{"href":"https:\/\/elfaroonline.com.ar\/index.php\/wp-json\/wp\/v2\/media?parent=3279"}],"wp:term":[{"taxonomy":"category","embeddable":true,"href":"https:\/\/elfaroonline.com.ar\/index.php\/wp-json\/wp\/v2\/categories?post=3279"},{"taxonomy":"post_tag","embeddable":true,"href":"https:\/\/elfaroonline.com.ar\/index.php\/wp-json\/wp\/v2\/tags?post=3279"}],"curies":[{"name":"wp","href":"https:\/\/api.w.org\/{rel}","templated":true}]}}