{"id":3282,"date":"2025-03-01T05:35:51","date_gmt":"2025-03-01T08:35:51","guid":{"rendered":"https:\/\/elfaroonline.com.ar\/?p=3282"},"modified":"2025-03-01T05:35:51","modified_gmt":"2025-03-01T08:35:51","slug":"trasladan-hojas-de-coca-cubiertas-y-mercaderia-de-diferentes-rubros","status":"publish","type":"post","link":"https:\/\/elfaroonline.com.ar\/index.php\/2025\/03\/01\/trasladan-hojas-de-coca-cubiertas-y-mercaderia-de-diferentes-rubros\/","title":{"rendered":"Trasladan hojas de coca, cubiertas y mercader\u00eda de diferentes rubros"},"content":{"rendered":"<p class=\"v1MsoNormal\"><i>Ambos ocupantes de un veh\u00edculo utilitario quedaron supeditados a la causa, en infracci\u00f3n a la Ley 22.415 &#8220;C\u00f3digo Aduanero&#8221;.<\/i><\/p>\n<p class=\"v1MsoNormal\"><span lang=\"ES\">En un control vial, realizado sobre la intersecci\u00f3n de las Rutas Nacionales N\u00ba 40 y N\u00ba 60, a la altura de la localidad de Cerro Negro, efectivos del\u00a0<b>Escuadr\u00f3n\u00a023\u00a0&#8220;Tinogasta&#8221; <\/b>detuvieron la marcha de un rodado de carga liviana, con dos ciudadanos a bordo, quienes circulaban desde la localidad juje\u00f1a de Perico con destino final la provincia de La Rioja.<\/span><\/p>\n<p class=\"v1MsoNormal\"><span lang=\"ES\">\u00a0<\/span><\/p>\n<p class=\"v1MsoNormal\"><span lang=\"ES\">Durante la inspecci\u00f3n f\u00edsica y documental, los <b>uniformados<\/b> registraron el interior del veh\u00edculo, detectando mercader\u00eda de contrabando sin el aval legal correspondiente.<\/span><\/p>\n<p class=\"v1MsoNormal\"><span lang=\"ES\">\u00a0<\/span><\/p>\n<p class=\"v1MsoNormal\"><span lang=\"ES\">Los <b>gendarmes<\/b> secuestraron <\/span><b>320 kilos de hojas de coca, 31 cubiertas, 1.000 encendedores, tres taladros, 250 pomos de pasta dental, una heladera y 2.300 bolsas de bicarbonato x 12grs.<\/b><\/p>\n<p class=\"v1MsoNormal\"><span lang=\"ES\">\u00a0<\/span><\/p>\n<p class=\"v1MsoNormal\"><span lang=\"ES\">Intervino en el procedimiento, el Juzgado Federal de Catamarca, que dispuso que ambos ciudadanos involucrados queden supeditados a la causa.<\/span><\/p>\n","protected":false},"excerpt":{"rendered":"<p>Ambos ocupantes de un veh\u00edculo utilitario quedaron supeditados a la causa, en infracci\u00f3n a la Ley 22.415 &#8220;C\u00f3digo Aduanero&#8221;. En un control vial, realizado sobre la intersecci\u00f3n de las Rutas Nacionales N\u00ba 40 y N\u00ba 60, a la altura de la localidad de Cerro Negro, efectivos del\u00a0Escuadr\u00f3n\u00a023\u00a0&#8220;Tinogasta&#8221; detuvieron la marcha de un rodado de carga [&hellip;]<\/p>\n","protected":false},"author":2,"featured_media":3283,"comment_status":"open","ping_status":"open","sticky":false,"template":"","format":"standard","meta":{"footnotes":""},"categories":[27],"tags":[],"class_list":{"0":"post-3282","1":"post","2":"type-post","3":"status-publish","4":"format-standard","5":"has-post-thumbnail","7":"category-policiales"},"aioseo_notices":[],"_links":{"self":[{"href":"https:\/\/elfaroonline.com.ar\/index.php\/wp-json\/wp\/v2\/posts\/3282","targetHints":{"allow":["GET"]}}],"collection":[{"href":"https:\/\/elfaroonline.com.ar\/index.php\/wp-json\/wp\/v2\/posts"}],"about":[{"href":"https:\/\/elfaroonline.com.ar\/index.php\/wp-json\/wp\/v2\/types\/post"}],"author":[{"embeddable":true,"href":"https:\/\/elfaroonline.com.ar\/index.php\/wp-json\/wp\/v2\/users\/2"}],"replies":[{"embeddable":true,"href":"https:\/\/elfaroonline.com.ar\/index.php\/wp-json\/wp\/v2\/comments?post=3282"}],"version-history":[{"count":2,"href":"https:\/\/elfaroonline.com.ar\/index.php\/wp-json\/wp\/v2\/posts\/3282\/revisions"}],"predecessor-version":[{"id":3321,"href":"https:\/\/elfaroonline.com.ar\/index.php\/wp-json\/wp\/v2\/posts\/3282\/revisions\/3321"}],"wp:featuredmedia":[{"embeddable":true,"href":"https:\/\/elfaroonline.com.ar\/index.php\/wp-json\/wp\/v2\/media\/3283"}],"wp:attachment":[{"href":"https:\/\/elfaroonline.com.ar\/index.php\/wp-json\/wp\/v2\/media?parent=3282"}],"wp:term":[{"taxonomy":"category","embeddable":true,"href":"https:\/\/elfaroonline.com.ar\/index.php\/wp-json\/wp\/v2\/categories?post=3282"},{"taxonomy":"post_tag","embeddable":true,"href":"https:\/\/elfaroonline.com.ar\/index.php\/wp-json\/wp\/v2\/tags?post=3282"}],"curies":[{"name":"wp","href":"https:\/\/api.w.org\/{rel}","templated":true}]}}