{"id":3285,"date":"2025-03-01T05:35:17","date_gmt":"2025-03-01T08:35:17","guid":{"rendered":"https:\/\/elfaroonline.com.ar\/?p=3285"},"modified":"2025-03-01T05:35:17","modified_gmt":"2025-03-01T08:35:17","slug":"la-54o-fiesta-del-poncho-sera-del-18-al-27-de-julio","status":"publish","type":"post","link":"https:\/\/elfaroonline.com.ar\/index.php\/2025\/03\/01\/la-54o-fiesta-del-poncho-sera-del-18-al-27-de-julio\/","title":{"rendered":"La 54\u00ba Fiesta del Poncho ser\u00e1 del 18 al 27 de julio"},"content":{"rendered":"<p class=\"v1MsoNormal\"><span lang=\"ES\">Con fecha definida, la 54\u00ba Fiesta Nacional e Internacional del Poncho ya comienza a proyectarse en Catamarca. Del 18 al 27 de julio, la capital catamarque\u00f1a volver\u00e1 a ser epicentro de una celebraci\u00f3n que fusiona tradici\u00f3n, vanguardia e identidad y que ya se ha posicionado como la fiesta popular m\u00e1s grande del invierno en Argentina.<\/span><\/p>\n<p class=\"v1MsoNormal\"><span lang=\"ES\">Desde la organizaci\u00f3n de la fiesta, a cargo del Ministerio de Cultura, Turismo y Deporte de Catamarca, anunciaron la fecha buscando dar previsibilidad a turistas, prestadores tur\u00edsticos, comerciantes, productores culturales y todos los actores y empresas que gravitan en torno a esta fiesta que, en su \u00faltima edici\u00f3n, en julio de 2024, convoc\u00f3 a 1.200.000 visitantes.<\/span><\/p>\n<p class=\"v1MsoNormal\"><span lang=\"ES\">En ese sentido, Daiana Rold\u00e1n, ministra de Cultura, Turismo y Deporte, se\u00f1al\u00f3: &#8220;Lanzar con la suficiente antelaci\u00f3n la fecha de una fiesta tan importante para los catamarque\u00f1os hace a la previsi\u00f3n para los turistas, para ser una opci\u00f3n en las vacaciones de invierno de las familias argentinas. Tambi\u00e9n buscamos dar una mayor previsi\u00f3n a quienes son parte de todo lo que significa esta fiesta y, por supuesto, este tiempo nos da margen para hacer una buena promoci\u00f3n&#8221;.<\/span><\/p>\n<p class=\"v1MsoNormal\"><span lang=\"ES\">Para Catamarca julio es su temporada alta, no solo porque muchos de sus destinos son ideales para visitar en invierno, sino tambi\u00e9n por el gran atractivo que representa para catamarque\u00f1os y turistas la Fiesta del Poncho, una festividad popular que se viene realizando en la provincia desde 1967 para poner en valor el arte textil catamarque\u00f1o y que, con los a\u00f1os, ha crecido exponencialmente hasta llegar a albergar tres escenarios de primer nivel, m\u00e1s de 700 artesanos y expositores, espacios gastron\u00f3micos, una feria de promoci\u00f3n tur\u00edstica, un museo permanente dedicado a la fiesta, entre otros espacios.<\/span><\/p>\n<p class=\"v1MsoNormal\"><span lang=\"ES\">La Fiesta del Poncho, a diferencia de otras fiestas populares, se desarrolla a lo largo de 10 d\u00edas y 10 noches, en un Predio Ferial construido especialmente para dar cabida a este encuentro que tiene por protagonistas a los artesanos y artesanas los que, con sus creaciones, aportan el valor y la esencia de este encuentro popular.<\/span><\/p>\n<p class=\"v1MsoNormal\"><span lang=\"ES\">La m\u00fasica, la danza y los sabores tambi\u00e9n forman parte esencial de la fiesta, conjug\u00e1ndose para sumergir al visitante en un clima festivo con toda la impronta de Catamarca.<\/span><\/p>\n","protected":false},"excerpt":{"rendered":"<p>Con fecha definida, la 54\u00ba Fiesta Nacional e Internacional del Poncho ya comienza a proyectarse en Catamarca. Del 18 al 27 de julio, la capital catamarque\u00f1a volver\u00e1 a ser epicentro de una celebraci\u00f3n que fusiona tradici\u00f3n, vanguardia e identidad y que ya se ha posicionado como la fiesta popular m\u00e1s grande del invierno en Argentina. [&hellip;]<\/p>\n","protected":false},"author":2,"featured_media":3286,"comment_status":"open","ping_status":"open","sticky":false,"template":"","format":"standard","meta":{"footnotes":""},"categories":[23,20],"tags":[],"class_list":{"0":"post-3285","1":"post","2":"type-post","3":"status-publish","4":"format-standard","5":"has-post-thumbnail","7":"category-destacados","8":"category-sociedad"},"aioseo_notices":[],"_links":{"self":[{"href":"https:\/\/elfaroonline.com.ar\/index.php\/wp-json\/wp\/v2\/posts\/3285","targetHints":{"allow":["GET"]}}],"collection":[{"href":"https:\/\/elfaroonline.com.ar\/index.php\/wp-json\/wp\/v2\/posts"}],"about":[{"href":"https:\/\/elfaroonline.com.ar\/index.php\/wp-json\/wp\/v2\/types\/post"}],"author":[{"embeddable":true,"href":"https:\/\/elfaroonline.com.ar\/index.php\/wp-json\/wp\/v2\/users\/2"}],"replies":[{"embeddable":true,"href":"https:\/\/elfaroonline.com.ar\/index.php\/wp-json\/wp\/v2\/comments?post=3285"}],"version-history":[{"count":1,"href":"https:\/\/elfaroonline.com.ar\/index.php\/wp-json\/wp\/v2\/posts\/3285\/revisions"}],"predecessor-version":[{"id":3287,"href":"https:\/\/elfaroonline.com.ar\/index.php\/wp-json\/wp\/v2\/posts\/3285\/revisions\/3287"}],"wp:featuredmedia":[{"embeddable":true,"href":"https:\/\/elfaroonline.com.ar\/index.php\/wp-json\/wp\/v2\/media\/3286"}],"wp:attachment":[{"href":"https:\/\/elfaroonline.com.ar\/index.php\/wp-json\/wp\/v2\/media?parent=3285"}],"wp:term":[{"taxonomy":"category","embeddable":true,"href":"https:\/\/elfaroonline.com.ar\/index.php\/wp-json\/wp\/v2\/categories?post=3285"},{"taxonomy":"post_tag","embeddable":true,"href":"https:\/\/elfaroonline.com.ar\/index.php\/wp-json\/wp\/v2\/tags?post=3285"}],"curies":[{"name":"wp","href":"https:\/\/api.w.org\/{rel}","templated":true}]}}