{"id":330,"date":"2024-04-25T23:10:28","date_gmt":"2024-04-26T02:10:28","guid":{"rendered":"https:\/\/elfaroonline.com.ar\/?p=330"},"modified":"2024-04-25T23:10:28","modified_gmt":"2024-04-26T02:10:28","slug":"catamarca-salta-y-jujuy-reafirmaron-a-la-mineria-como-motor-de-desarrollo-en-la-region","status":"publish","type":"post","link":"https:\/\/elfaroonline.com.ar\/index.php\/2024\/04\/25\/catamarca-salta-y-jujuy-reafirmaron-a-la-mineria-como-motor-de-desarrollo-en-la-region\/","title":{"rendered":"Catamarca, Salta y Jujuy reafirmaron a la miner\u00eda como motor de desarrollo en la Regi\u00f3n"},"content":{"rendered":"<p class=\"v1MsoNormal\"><i>Durante la 3ra Conferencia Anual de Miner\u00eda organizada por el Banco Macro donde participaron los gobernadores Ra\u00fal Jalil, Gustavo S\u00e1enz (Salta) y Carlos Sadir (Jujuy).<\/i><\/p>\n<p class=\"v1MsoNormal\">Catamarca fue el epicentro del debate minero con la celebraci\u00f3n de la 3ra Conferencia Anual de Miner\u00eda, organizada por el Banco Macro bajo el lema &#8220;Pensar la Miner\u00eda en grande&#8221;. El evento, de destacada relevancia para el sector, se desarroll\u00f3 durante este mi\u00e9rcoles.<\/p>\n<p class=\"v1MsoNormal\">El gobernador Ra\u00fal Jalil, acompa\u00f1ado por sus pares de Salta y Jujuy, Gustavo S\u00e1enz y Carlos Sadir, respectivamente, participaron de este encuentro que busca impulsar el desarrollo de la actividad minera y brindar apoyo a las diversas econom\u00edas regionales.<\/p>\n<p class=\"v1MsoNormal\">El evento cont\u00f3 con la presencia destacada de Jorge Brito, presidente del Banco Macro, y el CEO de la entidad bancaria, Gustavo Manriquez, adem\u00e1s de autoridades de las principales empresas mineras de la regi\u00f3n, proveedores, funcionarios y otros referentes del sector minero y empresarial.<\/p>\n<p class=\"v1MsoNormal\">En el panel inicial titulado &#8220;Miner\u00eda: una oportunidad hist\u00f3rica para la regi\u00f3n NOA&#8221;, moderado por Gustavo Manriquez, los mandatarios provinciales dialogaron sobre la realidad y el impacto de la actividad minera en la regi\u00f3n, as\u00ed como las pol\u00edticas activas para su desarrollo coordinado en el marco de la Mesa del Litio, integrada por Catamarca, Salta y Jujuy.<\/p>\n<p class=\"v1MsoNormal\">Uno de los puntos centrales abordados fue el de la licencia social, donde los gobernadores coincidieron en su vital importancia para el desarrollo minero. Tambi\u00e9n se discuti\u00f3 sobre la infraestructura de servicios en torno a la actividad minera, el progreso de proyectos mineros y la formaci\u00f3n de profesionales y personal capacitado en la industria, aspectos fundamentales para el desarrollo de la &#8220;cadena de valor&#8221; local y regional.<\/p>\n<p class=\"v1MsoNormal\">El <b>gobernador Ra\u00fal Jalil<\/b> resalt\u00f3 el impacto positivo de la miner\u00eda en el desarrollo provincial y regional. &#8220;Las pol\u00edticas de Estado y el efecto multiplicador de la miner\u00eda son esenciales para nuestras regiones&#8221;, enfatiz\u00f3.<\/p>\n<p class=\"v1MsoNormal\">Asimismo, destac\u00f3 la importancia de la protecci\u00f3n del medio ambiente y el consenso social en las comunidades mineras. &#8220;El control ambiental y el consenso con las comunidades son aspectos fundamentales en los que debemos trabajar constantemente&#8221;, agreg\u00f3.<\/p>\n<p class=\"v1MsoNormal\">En cuanto al impacto laboral de la miner\u00eda en la provincia, destac\u00f3 que, gracias al efecto multiplicador, &#8220;hemos logrado generar 6.500 empleos directos e indirectos en el sector minero de Catamarca&#8221;. En este punto, Ra\u00fal enfatiz\u00f3 que es fundamental que el Congreso trate el nuevo sistema para las grandes inversiones, que permitir\u00e1 a la regi\u00f3n captar m\u00e1s inversiones para el desarrollo de los proyectos mineros actuales y la llegada de nuevos.<\/p>\n<p class=\"v1MsoNormal\">El gobernador de Salta, <b>Gustavo S\u00e1enz<\/b>, resalt\u00f3 el potencial minero de la regi\u00f3n y su significativo papel en el crecimiento econ\u00f3mico. Enfatiz\u00f3 la importancia de considerar al norte argentino como un polo de desarrollo clave para el pa\u00eds. &#8220;Pensemos realmente en grande la miner\u00eda, pensemos en grande la Argentina&#8221;, enfatiz\u00f3.<\/p>\n<p class=\"v1MsoNormal\">El mandatario salte\u00f1o identific\u00f3 tres aspectos fundamentales: la defensa de los recursos naturales provinciales, la promoci\u00f3n de un ambiente sustentable y la garant\u00eda de empleo y oportunidades para los proveedores locales. En este sentido, resalt\u00f3 la creaci\u00f3n de la Mesa del Litio que integra a Jujuy, Salta y Catamarca, buscando estandarizar normativas y brindar igualdad de oportunidades a todos los sectores involucrados en la actividad minera.<\/p>\n<p class=\"v1MsoNormal\">A su turno, el gobernador de Jujuy, <b>Carlos Sadir<\/b>, destac\u00f3 el aporte significativo que la miner\u00eda brinda a las provincias. &#8220;La miner\u00eda aporta y mucho a nuestras provincias&#8221;, afirm\u00f3 Sadir, remarcando el impacto positivo que tiene en las comunidades originarias al ofrecer oportunidades laborales directas y fomentar el desarrollo econ\u00f3mico local.<\/p>\n<p class=\"v1MsoNormal\">Adem\u00e1s, subray\u00f3 el cambio positivo que ha observado en las comunidades locales, donde los proyectos mineros no solo han proporcionado empleo directo, sino que tambi\u00e9n han impulsado la formaci\u00f3n de nuevos emprendedores y proveedores locales. &#8220;Hoy tenemos grandes emprendimientos que han permitido que la gente del lugar no solo tenga trabajo directo en cada uno de los proyectos mineros, sino tambi\u00e9n que se vayan conformando como proveedores y mini empresarios&#8221;, agreg\u00f3 el gobernador de Jujuy.<\/p>\n<p class=\"v1MsoNormal\">Tras el panel donde expusieron los gobernadores el evento continu\u00f3 con conferencias relacionadas a diferentes tem\u00e1ticas mineras, entre ellas las &#8220;Tendencias Globales en la Miner\u00eda&#8221; (expuso Roman Rossi Lores, vicepresidente de LatAm Research Analyst), la presentaci\u00f3n de Toronto Stock Exchange (TSX), mientras que por la tarde las actividades culminaron con la exposici\u00f3n &#8220;Perspectivas y desaf\u00edos de la Miner\u00eda en Argentina&#8221;, que tuvo como disertantes a Roberto Cacciola (CAEM), Manuel G\u00f3mez Bello (C\u00e1mara de Proveedores Mineros de Catamarca) y Marcelo Murua (ministro de Miner\u00eda de Catamarca).<\/p>\n","protected":false},"excerpt":{"rendered":"<p>Durante la 3ra Conferencia Anual de Miner\u00eda organizada por el Banco Macro donde participaron los gobernadores Ra\u00fal Jalil, Gustavo S\u00e1enz (Salta) y Carlos Sadir (Jujuy). Catamarca fue el epicentro del debate minero con la celebraci\u00f3n de la 3ra Conferencia Anual de Miner\u00eda, organizada por el Banco Macro bajo el lema &#8220;Pensar la Miner\u00eda en grande&#8221;. [&hellip;]<\/p>\n","protected":false},"author":2,"featured_media":331,"comment_status":"open","ping_status":"open","sticky":false,"template":"","format":"standard","meta":{"footnotes":""},"categories":[23],"tags":[],"class_list":{"0":"post-330","1":"post","2":"type-post","3":"status-publish","4":"format-standard","5":"has-post-thumbnail","7":"category-destacados"},"aioseo_notices":[],"_links":{"self":[{"href":"https:\/\/elfaroonline.com.ar\/index.php\/wp-json\/wp\/v2\/posts\/330","targetHints":{"allow":["GET"]}}],"collection":[{"href":"https:\/\/elfaroonline.com.ar\/index.php\/wp-json\/wp\/v2\/posts"}],"about":[{"href":"https:\/\/elfaroonline.com.ar\/index.php\/wp-json\/wp\/v2\/types\/post"}],"author":[{"embeddable":true,"href":"https:\/\/elfaroonline.com.ar\/index.php\/wp-json\/wp\/v2\/users\/2"}],"replies":[{"embeddable":true,"href":"https:\/\/elfaroonline.com.ar\/index.php\/wp-json\/wp\/v2\/comments?post=330"}],"version-history":[{"count":1,"href":"https:\/\/elfaroonline.com.ar\/index.php\/wp-json\/wp\/v2\/posts\/330\/revisions"}],"predecessor-version":[{"id":332,"href":"https:\/\/elfaroonline.com.ar\/index.php\/wp-json\/wp\/v2\/posts\/330\/revisions\/332"}],"wp:featuredmedia":[{"embeddable":true,"href":"https:\/\/elfaroonline.com.ar\/index.php\/wp-json\/wp\/v2\/media\/331"}],"wp:attachment":[{"href":"https:\/\/elfaroonline.com.ar\/index.php\/wp-json\/wp\/v2\/media?parent=330"}],"wp:term":[{"taxonomy":"category","embeddable":true,"href":"https:\/\/elfaroonline.com.ar\/index.php\/wp-json\/wp\/v2\/categories?post=330"},{"taxonomy":"post_tag","embeddable":true,"href":"https:\/\/elfaroonline.com.ar\/index.php\/wp-json\/wp\/v2\/tags?post=330"}],"curies":[{"name":"wp","href":"https:\/\/api.w.org\/{rel}","templated":true}]}}