{"id":3300,"date":"2025-03-01T05:32:05","date_gmt":"2025-03-01T08:32:05","guid":{"rendered":"https:\/\/elfaroonline.com.ar\/?p=3300"},"modified":"2025-03-01T05:32:05","modified_gmt":"2025-03-01T08:32:05","slug":"proponen-flexibilizar-el-uso-de-guardapolvos-para-el-nivel-primario-de-educacion","status":"publish","type":"post","link":"https:\/\/elfaroonline.com.ar\/index.php\/2025\/03\/01\/proponen-flexibilizar-el-uso-de-guardapolvos-para-el-nivel-primario-de-educacion\/","title":{"rendered":"Proponen flexibilizar el uso de guardapolvos para el nivel primario de educaci\u00f3n"},"content":{"rendered":"<div>Los diputados del Frente de Todos, Damian Brizuela y Josefina Herr, presentaron un proyecto de Ley por el cual proponen flexibilizar la obligatoriedad del uso del guardapolvo blanco en el nivel primario de educaci\u00f3n. La iniciativa tiene su respaldo en las altas temperaturas que registra la provincia en primavera y verano.<\/div>\n<div>El proyecto iniciado conjuntamente por ambos legisladores busca preservar la salud de los estudiantes sugiriendo para ello que, en los d\u00edas de calor extremo, las autoridades escolares puedan eximir del uso de guardapolvo del alumnado previniendo golpes de calor. En este sentido, se prev\u00e9 que el Ministerio de Educaci\u00f3n de la provincia determine los criterios espec\u00edficos para su adecuada aplicaci\u00f3nLa iniciativa indica que la vestimenta escolar debe adaptarse a las realidades y necesidades de la comunidad. &#8220;En Catamarca, donde las temperaturas pueden superar los 40 grados Celsius, es fundamental considerar opciones que permitan a los estudiantes estar c\u00f3modos y frescos donde la obligatoriedad del guardapolvo blanco puede no ser la opci\u00f3n m\u00e1s adecuada para el contexto local&#8221; se\u00f1ala en los fundamentos.<\/p>\n<\/div>\n","protected":false},"excerpt":{"rendered":"<p>Los diputados del Frente de Todos, Damian Brizuela y Josefina Herr, presentaron un proyecto de Ley por el cual proponen flexibilizar la obligatoriedad del uso del guardapolvo blanco en el nivel primario de educaci\u00f3n. La iniciativa tiene su respaldo en las altas temperaturas que registra la provincia en primavera y verano. El proyecto iniciado conjuntamente [&hellip;]<\/p>\n","protected":false},"author":2,"featured_media":3301,"comment_status":"open","ping_status":"open","sticky":false,"template":"","format":"standard","meta":{"footnotes":""},"categories":[21],"tags":[],"class_list":{"0":"post-3300","1":"post","2":"type-post","3":"status-publish","4":"format-standard","5":"has-post-thumbnail","7":"category-politica"},"aioseo_notices":[],"_links":{"self":[{"href":"https:\/\/elfaroonline.com.ar\/index.php\/wp-json\/wp\/v2\/posts\/3300","targetHints":{"allow":["GET"]}}],"collection":[{"href":"https:\/\/elfaroonline.com.ar\/index.php\/wp-json\/wp\/v2\/posts"}],"about":[{"href":"https:\/\/elfaroonline.com.ar\/index.php\/wp-json\/wp\/v2\/types\/post"}],"author":[{"embeddable":true,"href":"https:\/\/elfaroonline.com.ar\/index.php\/wp-json\/wp\/v2\/users\/2"}],"replies":[{"embeddable":true,"href":"https:\/\/elfaroonline.com.ar\/index.php\/wp-json\/wp\/v2\/comments?post=3300"}],"version-history":[{"count":2,"href":"https:\/\/elfaroonline.com.ar\/index.php\/wp-json\/wp\/v2\/posts\/3300\/revisions"}],"predecessor-version":[{"id":3317,"href":"https:\/\/elfaroonline.com.ar\/index.php\/wp-json\/wp\/v2\/posts\/3300\/revisions\/3317"}],"wp:featuredmedia":[{"embeddable":true,"href":"https:\/\/elfaroonline.com.ar\/index.php\/wp-json\/wp\/v2\/media\/3301"}],"wp:attachment":[{"href":"https:\/\/elfaroonline.com.ar\/index.php\/wp-json\/wp\/v2\/media?parent=3300"}],"wp:term":[{"taxonomy":"category","embeddable":true,"href":"https:\/\/elfaroonline.com.ar\/index.php\/wp-json\/wp\/v2\/categories?post=3300"},{"taxonomy":"post_tag","embeddable":true,"href":"https:\/\/elfaroonline.com.ar\/index.php\/wp-json\/wp\/v2\/tags?post=3300"}],"curies":[{"name":"wp","href":"https:\/\/api.w.org\/{rel}","templated":true}]}}