{"id":3312,"date":"2025-03-01T05:30:31","date_gmt":"2025-03-01T08:30:31","guid":{"rendered":"https:\/\/elfaroonline.com.ar\/?p=3312"},"modified":"2025-03-01T05:30:31","modified_gmt":"2025-03-01T08:30:31","slug":"manuel-garcia-mansilla-juro-como-juez-de-la-corte-suprema-ante-horacio-rosatti","status":"publish","type":"post","link":"https:\/\/elfaroonline.com.ar\/index.php\/2025\/03\/01\/manuel-garcia-mansilla-juro-como-juez-de-la-corte-suprema-ante-horacio-rosatti\/","title":{"rendered":"Manuel Garc\u00eda-Mansilla jur\u00f3 como juez de la Corte Suprema ante Horacio Rosatti"},"content":{"rendered":"<p><b>Manuel Garc\u00eda-Mansilla jur\u00f3 como juez de la Corte Suprema ante Horacio Rosatti, luego de que los ministros del m\u00e1ximo tribunal discutieran la cuesti\u00f3n en reuni\u00f3n de acuerdos.<\/b><\/p>\n<p>La Corte Suprema se reuni\u00f3n hoy en plenario, <b>le tom\u00f3 juramento <\/b>al catedr\u00e1tico Manuel Garc\u00eda Mansilla<b> y posterg\u00f3 una definici\u00f3n<\/b> sobre la incorporaci\u00f3n al tribunal del juez Ariel Lijo.<\/p>\n<p>En el acuerdo de Ministros de esta ma\u00f1ana, y de acuerdo al decreto del Poder Ejecutivo Nacional 137\/2025, <b>firmado el 25 de febrero por el presidente Javier Milei<\/b>, decidieron tomarle juramento como nuevo juez de la Corte Suprema a Garc\u00eda-Mansilla. El acto se llev\u00f3 a cabo en el sal\u00f3n Bermejo del cuarto piso del Palacio de Tribunales, con la presencia de Horacio Rosatti, Carlos Rosenkrantz y Ricardo Lorenzetti, presidente, vicepresidente y ministro de la Corte Suprema.<\/p>\n<p class=\"paragraph\" data-mrf-recirculation=\"Links inline\">En el pr\u00f3ximo acuerdo del d\u00eda 6 de marzo <b>se seguir\u00e1 debatiendo<\/b> la situaci\u00f3n particular del juez federal Lijo, quien <b>tiene concedida una licencia<\/b>por parte de la C\u00e1mara federal pero persisten las discrepancias internas en el seno del alto tribunal sobre ese asunto.<\/p>\n<div class=\"headline-wrapper\">\n<h2 class=\"header headline-class-h2\">El cuarto juez<\/h2>\n<\/div>\n<p class=\"paragraph\" data-mrf-recirculation=\"Links inline\">Con la incorporaci\u00f3n de Garc\u00eda-Mansilla, la Corte Suprema <b>ya cuenta con cuatro de los cinco jueces <\/b>previstos por ley. Desde diciembre, cuando se jubil\u00f3 Juan Carlos Maqueda, el tribunal hab\u00eda quedado con apenas tres integrantes, lo que la pon\u00eda en la obligaci\u00f3n de <b>pronunciarse por unanimidad o llamar a un conjuez<\/b>.<\/p>\n<p class=\"paragraph\" data-mrf-recirculation=\"Links inline\"><b>Garc\u00eda-Mansilla<\/b> es un abogado de destacada trayectoria en el mundo acad\u00e9mico. Tiene 53 a\u00f1os, es oriundo de Bariloche y desde 2019 es <b>decano de la Facultad de Derecho de la Universidad Austral<\/b>. Se recibi\u00f3 de abogado en 1996 en la Universidad del Salvador y desde entonces ejerce la profesi\u00f3n de abogado. Lo hizo en alguno de los estudios m\u00e1s importantes del pa\u00eds. Tambi\u00e9n desde 2014 es director ejecutivo de la C\u00e1mara de Exploraci\u00f3n y Producci\u00f3n de Hidrocarburos.<\/p>\n<p class=\"paragraph\" data-mrf-recirculation=\"Links inline\">El nuevo juez de la Corte tambi\u00e9n integra distintos institutos acad\u00e9micos en Argentina y en el exterior. Desde 2006 es miembro de la Asociaci\u00f3n Argentina de Derecho Constitucional e integr\u00f3 su Comit\u00e9 Ejecutivo. Desde 2007 forma parte del Instituto de Pol\u00edtica Constitucional de la <b>Academia Nacional de Ciencias Morales y Pol\u00edticas<\/b>. En 2023, obtuvo el t\u00edtulo de doctor en derecho por la Facultad de Derecho de la Universidad Austral.<\/p>\n<div class=\"headline-wrapper\">\n<h2 class=\"header headline-class-h2\">Una atribuci\u00f3n de la Corte<\/h2>\n<\/div>\n<p class=\"paragraph\" data-mrf-recirculation=\"Links inline\">Cuando todav\u00eda no se sab\u00eda cu\u00e1l iba a ser el temperamento que tomar\u00edan los jueces supremos, dentro del Gobierno un sector alent\u00f3 la posibilidad de que el presidente Milei <b>le tomara juramento a Lijo y Garc\u00eda-Mansilla <\/b>si se desconoc\u00eda el decreto de nombramiento de ambos. Era un paso que <b>pod\u00eda terminar en un conflicto de poderes abierto <\/b>entre Milei, como titular del Ejecutivo, y Rosatti, como cabeza del Judicial.<\/p>\n<p class=\"paragraph\" data-mrf-recirculation=\"Links inline\">Esa posici\u00f3n de m\u00e1xima anoche fue desactivada por otro sector de la Casa Rosada <b>que estuvo trabajando desde el minuto cero en este tema<\/b> . El argumento que le hicieron llegar al primer mandatario que convenci\u00f3 a todos es que el art\u00edculo 112 de la Constituci\u00f3n Nacional establece taxativamente que el juramento a los jueces de la Corte<b> solo lo puede tomar el presidente del m\u00e1ximo tribunal <\/b>por acordada o por acto formal.<\/p>\n","protected":false},"excerpt":{"rendered":"<p>Manuel Garc\u00eda-Mansilla jur\u00f3 como juez de la Corte Suprema ante Horacio Rosatti, luego de que los ministros del m\u00e1ximo tribunal discutieran la cuesti\u00f3n en reuni\u00f3n de acuerdos. La Corte Suprema se reuni\u00f3n hoy en plenario, le tom\u00f3 juramento al catedr\u00e1tico Manuel Garc\u00eda Mansilla y posterg\u00f3 una definici\u00f3n sobre la incorporaci\u00f3n al tribunal del juez Ariel [&hellip;]<\/p>\n","protected":false},"author":2,"featured_media":3313,"comment_status":"open","ping_status":"open","sticky":false,"template":"","format":"standard","meta":{"footnotes":""},"categories":[22,27],"tags":[],"class_list":{"0":"post-3312","1":"post","2":"type-post","3":"status-publish","4":"format-standard","5":"has-post-thumbnail","7":"category-nacionales","8":"category-policiales"},"aioseo_notices":[],"_links":{"self":[{"href":"https:\/\/elfaroonline.com.ar\/index.php\/wp-json\/wp\/v2\/posts\/3312","targetHints":{"allow":["GET"]}}],"collection":[{"href":"https:\/\/elfaroonline.com.ar\/index.php\/wp-json\/wp\/v2\/posts"}],"about":[{"href":"https:\/\/elfaroonline.com.ar\/index.php\/wp-json\/wp\/v2\/types\/post"}],"author":[{"embeddable":true,"href":"https:\/\/elfaroonline.com.ar\/index.php\/wp-json\/wp\/v2\/users\/2"}],"replies":[{"embeddable":true,"href":"https:\/\/elfaroonline.com.ar\/index.php\/wp-json\/wp\/v2\/comments?post=3312"}],"version-history":[{"count":1,"href":"https:\/\/elfaroonline.com.ar\/index.php\/wp-json\/wp\/v2\/posts\/3312\/revisions"}],"predecessor-version":[{"id":3314,"href":"https:\/\/elfaroonline.com.ar\/index.php\/wp-json\/wp\/v2\/posts\/3312\/revisions\/3314"}],"wp:featuredmedia":[{"embeddable":true,"href":"https:\/\/elfaroonline.com.ar\/index.php\/wp-json\/wp\/v2\/media\/3313"}],"wp:attachment":[{"href":"https:\/\/elfaroonline.com.ar\/index.php\/wp-json\/wp\/v2\/media?parent=3312"}],"wp:term":[{"taxonomy":"category","embeddable":true,"href":"https:\/\/elfaroonline.com.ar\/index.php\/wp-json\/wp\/v2\/categories?post=3312"},{"taxonomy":"post_tag","embeddable":true,"href":"https:\/\/elfaroonline.com.ar\/index.php\/wp-json\/wp\/v2\/tags?post=3312"}],"curies":[{"name":"wp","href":"https:\/\/api.w.org\/{rel}","templated":true}]}}