{"id":3323,"date":"2025-03-01T18:36:06","date_gmt":"2025-03-01T21:36:06","guid":{"rendered":"https:\/\/elfaroonline.com.ar\/?p=3323"},"modified":"2025-03-01T18:36:06","modified_gmt":"2025-03-01T21:36:06","slug":"el-gobernador-confirmo-que-se-mantiene-el-boleto-estudiantil-gratuito","status":"publish","type":"post","link":"https:\/\/elfaroonline.com.ar\/index.php\/2025\/03\/01\/el-gobernador-confirmo-que-se-mantiene-el-boleto-estudiantil-gratuito\/","title":{"rendered":"El Gobernador confirm\u00f3 que se mantiene el Boleto Estudiantil Gratuito"},"content":{"rendered":"<p class=\"v1MsoNormal\">El gobernador Ra\u00fal Jalil se reuni\u00f3 con el ministro de Educaci\u00f3n, Dalmacio Mera, y la intendenta de Valle Viejo, Susana Zenteno para coordinar acciones de cara al ciclo lectivo 2025. Entre los principales anuncios, se destac\u00f3 la continuidad del Boleto Estudiantil Gratuito, garantizando el acceso al transporte p\u00fablico para los estudiantes.<\/p>\n<p class=\"v1MsoNormal\">El Gobierno provincial destinar\u00e1 m\u00e1s de $1.400 millones para cubrir este beneficio durante el primer trimestre del a\u00f1o, abarcando a los estudiantes de los departamentos Capital, Valle Viejo, Fray Mamerto Esqui\u00fa y Capay\u00e1n (hasta la localidad de San Pedro).<\/p>\n<p class=\"v1MsoNormal\">Para acceder al boleto gratuito los estudiantes deber\u00e1n acreditar su condici\u00f3n de alumno regular con una constancia oficial, que su residencia supere las doce (12) cuadras entre el domicilio del estudiante y el establecimiento educativo y presentarlos en tiempo y forma conforme los requerimientos de la Secretar\u00eda de Transporte del Ministerio de Integraci\u00f3n Regional, Log\u00edstica y Transporte. Adem\u00e1s, para tramitar el Boleto Estudiantil Gratuito se debe tener la SUBE registrada a nombre del alumno beneficiario.<\/p>\n<p class=\"v1MsoNormal\">Por otra parte, en la reuni\u00f3n se inform\u00f3 que el acto central que marcar\u00e1 el inicio del ciclo lectivo 2025 se realizar\u00e1 el mi\u00e9rcoles 5 de marzo, a las 8:00 am, en la Escuela Jos\u00e9 Cubas de Valle Viejo.<\/p>\n<p class=\"v1MsoNormal\"><b>Escuelas de Per\u00edodo Especial<\/b><\/p>\n<p class=\"v1MsoNormal\">En lo que respecta a las modificaciones en el calendario escolar para las escuelas de per\u00edodo especial que anunci\u00f3 el Ministerio de Educaci\u00f3n, el ministro Dalmacio Mera explic\u00f3 los detalles al Gobernador y afirm\u00f3 que el objetivo es optimizar la continuidad educativa y evitar que los alumnos pierdan meses clave en su formaci\u00f3n.<\/p>\n<p class=\"v1MsoNormal\">\n<p class=\"v1MsoNormal\">En este sentido, coment\u00f3 que 2025 ser\u00e1 un a\u00f1o de transici\u00f3n para el nuevo calendario donde se fortalecer\u00e1n los contenidos prioritarios y se reforzar\u00e1n las clases con el acompa\u00f1amiento de docentes y directivos. La meta es adelantar la finalizaci\u00f3n del segundo cuatrimestre, permitiendo que el siguiente ciclo lectivo se desarrolle \u00edntegramente dentro del mismo a\u00f1o.<\/p>\n","protected":false},"excerpt":{"rendered":"<p>El gobernador Ra\u00fal Jalil se reuni\u00f3 con el ministro de Educaci\u00f3n, Dalmacio Mera, y la intendenta de Valle Viejo, Susana Zenteno para coordinar acciones de cara al ciclo lectivo 2025. Entre los principales anuncios, se destac\u00f3 la continuidad del Boleto Estudiantil Gratuito, garantizando el acceso al transporte p\u00fablico para los estudiantes. El Gobierno provincial destinar\u00e1 [&hellip;]<\/p>\n","protected":false},"author":2,"featured_media":3324,"comment_status":"open","ping_status":"open","sticky":false,"template":"","format":"standard","meta":{"footnotes":""},"categories":[23,21],"tags":[],"class_list":{"0":"post-3323","1":"post","2":"type-post","3":"status-publish","4":"format-standard","5":"has-post-thumbnail","7":"category-destacados","8":"category-politica"},"aioseo_notices":[],"_links":{"self":[{"href":"https:\/\/elfaroonline.com.ar\/index.php\/wp-json\/wp\/v2\/posts\/3323","targetHints":{"allow":["GET"]}}],"collection":[{"href":"https:\/\/elfaroonline.com.ar\/index.php\/wp-json\/wp\/v2\/posts"}],"about":[{"href":"https:\/\/elfaroonline.com.ar\/index.php\/wp-json\/wp\/v2\/types\/post"}],"author":[{"embeddable":true,"href":"https:\/\/elfaroonline.com.ar\/index.php\/wp-json\/wp\/v2\/users\/2"}],"replies":[{"embeddable":true,"href":"https:\/\/elfaroonline.com.ar\/index.php\/wp-json\/wp\/v2\/comments?post=3323"}],"version-history":[{"count":1,"href":"https:\/\/elfaroonline.com.ar\/index.php\/wp-json\/wp\/v2\/posts\/3323\/revisions"}],"predecessor-version":[{"id":3325,"href":"https:\/\/elfaroonline.com.ar\/index.php\/wp-json\/wp\/v2\/posts\/3323\/revisions\/3325"}],"wp:featuredmedia":[{"embeddable":true,"href":"https:\/\/elfaroonline.com.ar\/index.php\/wp-json\/wp\/v2\/media\/3324"}],"wp:attachment":[{"href":"https:\/\/elfaroonline.com.ar\/index.php\/wp-json\/wp\/v2\/media?parent=3323"}],"wp:term":[{"taxonomy":"category","embeddable":true,"href":"https:\/\/elfaroonline.com.ar\/index.php\/wp-json\/wp\/v2\/categories?post=3323"},{"taxonomy":"post_tag","embeddable":true,"href":"https:\/\/elfaroonline.com.ar\/index.php\/wp-json\/wp\/v2\/tags?post=3323"}],"curies":[{"name":"wp","href":"https:\/\/api.w.org\/{rel}","templated":true}]}}