{"id":3326,"date":"2025-03-01T18:38:32","date_gmt":"2025-03-01T21:38:32","guid":{"rendered":"https:\/\/elfaroonline.com.ar\/?p=3326"},"modified":"2025-03-01T18:38:32","modified_gmt":"2025-03-01T21:38:32","slug":"en-medio-de-un-clima-de-tension-con-gago-boca-juniors-vencio-a-rosario-central-tras-la-eliminacion-en-la-copa-libertadores","status":"publish","type":"post","link":"https:\/\/elfaroonline.com.ar\/index.php\/2025\/03\/01\/en-medio-de-un-clima-de-tension-con-gago-boca-juniors-vencio-a-rosario-central-tras-la-eliminacion-en-la-copa-libertadores\/","title":{"rendered":"En medio de un clima de tensi\u00f3n con Gago, Boca Juniors venci\u00f3 a Rosario Central tras la eliminaci\u00f3n en la Copa Libertadores"},"content":{"rendered":"<div class=\"body-blogging-article \">\n<p class=\"paragraph\"><b>Boca Juniors<\/b> le gan\u00f3 1-0 a <b>Rosario Central<\/b> en <i>La Bombonera<\/i> por la octava fecha del <b>Torneo Apertura<\/b>. Los dirigidos por <b>Fernando Gago<\/b> se llevaron los tres puntos por el gol de <b>Milton Gim\u00e9nez<\/b>, tuvieron chances para liquidar el partido, pero debieron sufrir hasta el final y <b>Agust\u00edn Marches\u00edn volvi\u00f3 a tener una actuaci\u00f3n preponderante<\/b> para salvar a su equipo en los \u00faltimos minutos.<\/p>\n<\/div>\n<div class=\"body-blogging-article \">\n<p class=\"paragraph\">De esta manera, el <i>Xeneize <\/i>termin\u00f3 el invicto del <i>Canalla <\/i>en el campeonato, se trep\u00f3 a la cima de la <b>Zona A<\/b> con 17 puntos y se repuso a la eliminaci\u00f3n en la <b>Copa Libertadores<\/b> contra <b>Alianza Lima<\/b>. Por otro lado, el conjunto rosarino podr\u00eda perder el liderazgo de la <i>Zona B<\/i> en esta jornada.<\/p>\n<\/div>\n","protected":false},"excerpt":{"rendered":"<p>Boca Juniors le gan\u00f3 1-0 a Rosario Central en La Bombonera por la octava fecha del Torneo Apertura. Los dirigidos por Fernando Gago se llevaron los tres puntos por el gol de Milton Gim\u00e9nez, tuvieron chances para liquidar el partido, pero debieron sufrir hasta el final y Agust\u00edn Marches\u00edn volvi\u00f3 a tener una actuaci\u00f3n preponderante [&hellip;]<\/p>\n","protected":false},"author":2,"featured_media":3327,"comment_status":"open","ping_status":"open","sticky":false,"template":"","format":"standard","meta":{"footnotes":""},"categories":[25],"tags":[],"class_list":{"0":"post-3326","1":"post","2":"type-post","3":"status-publish","4":"format-standard","5":"has-post-thumbnail","7":"category-deportes"},"aioseo_notices":[],"_links":{"self":[{"href":"https:\/\/elfaroonline.com.ar\/index.php\/wp-json\/wp\/v2\/posts\/3326","targetHints":{"allow":["GET"]}}],"collection":[{"href":"https:\/\/elfaroonline.com.ar\/index.php\/wp-json\/wp\/v2\/posts"}],"about":[{"href":"https:\/\/elfaroonline.com.ar\/index.php\/wp-json\/wp\/v2\/types\/post"}],"author":[{"embeddable":true,"href":"https:\/\/elfaroonline.com.ar\/index.php\/wp-json\/wp\/v2\/users\/2"}],"replies":[{"embeddable":true,"href":"https:\/\/elfaroonline.com.ar\/index.php\/wp-json\/wp\/v2\/comments?post=3326"}],"version-history":[{"count":1,"href":"https:\/\/elfaroonline.com.ar\/index.php\/wp-json\/wp\/v2\/posts\/3326\/revisions"}],"predecessor-version":[{"id":3328,"href":"https:\/\/elfaroonline.com.ar\/index.php\/wp-json\/wp\/v2\/posts\/3326\/revisions\/3328"}],"wp:featuredmedia":[{"embeddable":true,"href":"https:\/\/elfaroonline.com.ar\/index.php\/wp-json\/wp\/v2\/media\/3327"}],"wp:attachment":[{"href":"https:\/\/elfaroonline.com.ar\/index.php\/wp-json\/wp\/v2\/media?parent=3326"}],"wp:term":[{"taxonomy":"category","embeddable":true,"href":"https:\/\/elfaroonline.com.ar\/index.php\/wp-json\/wp\/v2\/categories?post=3326"},{"taxonomy":"post_tag","embeddable":true,"href":"https:\/\/elfaroonline.com.ar\/index.php\/wp-json\/wp\/v2\/tags?post=3326"}],"curies":[{"name":"wp","href":"https:\/\/api.w.org\/{rel}","templated":true}]}}