{"id":3332,"date":"2025-03-01T18:46:09","date_gmt":"2025-03-01T21:46:09","guid":{"rendered":"https:\/\/elfaroonline.com.ar\/?p=3332"},"modified":"2025-03-01T18:46:09","modified_gmt":"2025-03-01T21:46:09","slug":"los-combustibles-aumentaron-19-en-promedio-en-todo-el-pais","status":"publish","type":"post","link":"https:\/\/elfaroonline.com.ar\/index.php\/2025\/03\/01\/los-combustibles-aumentaron-19-en-promedio-en-todo-el-pais\/","title":{"rendered":"Los combustibles aumentaron 1,9% en promedio en todo el pa\u00eds"},"content":{"rendered":"<p>Las estaciones de servicio de todo el pa\u00eds aumentaron un promedio del 1,9% en el precio de sus combustibles a partir de hoy.<\/p>\n<p class=\"paragraph\">La suba es, en parte, consecuencia del nuevo aumento del <b>Impuesto a los Combustibles L\u00edquidos (ICL)<\/b>. \u201cPara garantizar la previsibilidad y el desarrollo del sector, el Poder Ejecutivo Nacional publicar\u00e1 un Decreto en el Bolet\u00edn Oficial, a trav\u00e9s del cual se actualizar\u00e1n los importes de los Impuestos sobre los Combustibles L\u00edquidos y al Di\u00f3xido de Carbono, para la nafta sin plomo, la nafta virgen y el gasoil, a partir del 1\/3\/2025, equivalente a un impacto en precio del 0,4%, muy por debajo de los datos de inflaci\u00f3n del \u00faltimo mes de enero del 2025\u2033, informaron desde el Gobierno.<\/p>\n<p class=\"paragraph\">Por su puesto, hay muchos otros factores que intervienen en la formaci\u00f3n del precio de los combustibles, como el avance de la inflaci\u00f3n (fue de 2,2% en enero) y el precio del barril de crudo. La sumatoria de esos \u00edtems es la que determin\u00f3 el incremento promedio del 1,9%.<\/p>\n<div class=\"headline-wrapper\">\n<h2 class=\"header headline-class-h2\">Mil pesos m\u00e1s en el tanque<\/h2>\n<\/div>\n<div>\n<div class=\"hide-only-es\">\n<div class=\"inline_2 ad-wrapper ad-mobile amp ad-amp\"><\/div>\n<\/div>\n<\/div>\n<p class=\"paragraph\">Aunque el incremento de los combustibles parece estar\u00eda por debajo de la inflaci\u00f3n del mes pasado, el impacto en el bolsillo no dejar\u00e1 de ser significativo. Tal vez no se percibe demasiado al hablar de los precios por litro, pero s\u00ed se puede ver mejor cuando se analiza el costo de un tanque de combustible.<\/p>\n<div class=\"headline-wrapper\">\n<h2 class=\"header headline-class-h2\">Cae la venta de combustibles<\/h2>\n<\/div>\n<p class=\"paragraph\">La <b>venta de combustible<\/b> al p\u00fablico cay\u00f3 <b>3%<\/b>interanual en enero y<b> 4,9%<\/b> en relaci\u00f3n a diciembre. Se trata del d\u00e9cimo cuarto mes consecutivo a la baja y se comercializaron, entre naftas y gasoil, 1.422.211 metros c\u00fabicos. Comparado con el resto de la regi\u00f3n, la Argentina ocupa el cuarto lugar en el ranking de precios de nafta por litro, si se lo mide al d\u00f3lar oficial. Pero si se tiene en cuenta el blue, se ubica quinta.<\/p>\n<p class=\"paragraph\">De acuerdo a un informe de Politikon Chaco, la venta de naftas represent\u00f3 el 59% del total comercializado y mostr\u00f3 un incremento interanual del 1,6%. Este aumento fue impulsado principalmente por la premium, que creci\u00f3 un 14%, mientras que la s\u00faper disminuy\u00f3 un 2,2 por ciento.<\/p>\n<p class=\"paragraph\">En tanto, el gasoil represent\u00f3 el 41% del total, con una ca\u00edda del 8,9% en comparaci\u00f3n con enero de 2024. Al igual que en las naftas, el gasoil premium mostr\u00f3 un alza del 7,5%, mientras que el com\u00fan retrocedi\u00f3 un 17,3%.<\/p>\n<p class=\"paragraph\">A nivel geogr\u00e1fico, 8 de las 24 jurisdicciones subnacionales presentaron subas interanuales en las ventas, destac\u00e1ndose<b> Salta (8,2%), Catamarca (6,7%) y La Rioja (5,8%). <\/b>En contraposici\u00f3n,<b> Santa Fe, Entre R\u00edos, CABA y La Pampa <\/b>registraron los descensos m\u00e1s fuertes, todos de doble d\u00edgito. En la mayor\u00eda, la nafta predomin\u00f3 sobre el gasoil, con picos de concentraci\u00f3n en CABA (77% del total), seguida por La Rioja y Catamarca.<\/p>\n","protected":false},"excerpt":{"rendered":"<p>Las estaciones de servicio de todo el pa\u00eds aumentaron un promedio del 1,9% en el precio de sus combustibles a partir de hoy. La suba es, en parte, consecuencia del nuevo aumento del Impuesto a los Combustibles L\u00edquidos (ICL). \u201cPara garantizar la previsibilidad y el desarrollo del sector, el Poder Ejecutivo Nacional publicar\u00e1 un Decreto [&hellip;]<\/p>\n","protected":false},"author":2,"featured_media":3333,"comment_status":"open","ping_status":"open","sticky":false,"template":"","format":"standard","meta":{"footnotes":""},"categories":[23,22],"tags":[],"class_list":{"0":"post-3332","1":"post","2":"type-post","3":"status-publish","4":"format-standard","5":"has-post-thumbnail","7":"category-destacados","8":"category-nacionales"},"aioseo_notices":[],"_links":{"self":[{"href":"https:\/\/elfaroonline.com.ar\/index.php\/wp-json\/wp\/v2\/posts\/3332","targetHints":{"allow":["GET"]}}],"collection":[{"href":"https:\/\/elfaroonline.com.ar\/index.php\/wp-json\/wp\/v2\/posts"}],"about":[{"href":"https:\/\/elfaroonline.com.ar\/index.php\/wp-json\/wp\/v2\/types\/post"}],"author":[{"embeddable":true,"href":"https:\/\/elfaroonline.com.ar\/index.php\/wp-json\/wp\/v2\/users\/2"}],"replies":[{"embeddable":true,"href":"https:\/\/elfaroonline.com.ar\/index.php\/wp-json\/wp\/v2\/comments?post=3332"}],"version-history":[{"count":1,"href":"https:\/\/elfaroonline.com.ar\/index.php\/wp-json\/wp\/v2\/posts\/3332\/revisions"}],"predecessor-version":[{"id":3334,"href":"https:\/\/elfaroonline.com.ar\/index.php\/wp-json\/wp\/v2\/posts\/3332\/revisions\/3334"}],"wp:featuredmedia":[{"embeddable":true,"href":"https:\/\/elfaroonline.com.ar\/index.php\/wp-json\/wp\/v2\/media\/3333"}],"wp:attachment":[{"href":"https:\/\/elfaroonline.com.ar\/index.php\/wp-json\/wp\/v2\/media?parent=3332"}],"wp:term":[{"taxonomy":"category","embeddable":true,"href":"https:\/\/elfaroonline.com.ar\/index.php\/wp-json\/wp\/v2\/categories?post=3332"},{"taxonomy":"post_tag","embeddable":true,"href":"https:\/\/elfaroonline.com.ar\/index.php\/wp-json\/wp\/v2\/tags?post=3332"}],"curies":[{"name":"wp","href":"https:\/\/api.w.org\/{rel}","templated":true}]}}