{"id":3335,"date":"2025-03-01T18:50:02","date_gmt":"2025-03-01T21:50:02","guid":{"rendered":"https:\/\/elfaroonline.com.ar\/?p=3335"},"modified":"2025-03-01T18:50:02","modified_gmt":"2025-03-01T21:50:02","slug":"yamandu-orsi-es-el-nuevo-presidente-de-uruguay","status":"publish","type":"post","link":"https:\/\/elfaroonline.com.ar\/index.php\/2025\/03\/01\/yamandu-orsi-es-el-nuevo-presidente-de-uruguay\/","title":{"rendered":"Yamand\u00fa Orsi es el nuevo presidente de Uruguay"},"content":{"rendered":"<p class=\"paragraph\"><b>Yamand\u00fa Orsi<\/b> asumi\u00f3 este s\u00e1bado como presidente de Uruguay, recogiendo la antorcha de su mentor y padrino pol\u00edtico, el popular ex mandatario<b> Jos\u00e9 \u201cPepe\u201d Mujica<\/b>, en el retorno del izquierdista Frente Amplio al poder tras cinco a\u00f1os de gobierno del Partido Nacional.<\/p>\n<p class=\"paragraph\">Orsi, de 57 a\u00f1os, se comprometi\u00f3 ante el Parlamento a \u201cguardar y defender\u201d la Constituci\u00f3n, en una solemne ceremonia <b>antes de trasladarse a la Plaza Independencia<\/b>, en el centro de Montevideo, para recibir la banda presidencial de Luis Lacalle Pou para gobernar hasta 2030.<\/p>\n<p class=\"paragraph\">De esta forma comenzar\u00e1 un mandato que se extender\u00e1 hasta marzo de 2030, marcado por la habitual alternancia de partidos que vive el pa\u00eds con la democracia m\u00e1s plena de<b> Am\u00e9rica del Sur.<\/b><\/p>\n<p class=\"paragraph\">Ser\u00e1 el del tercer presidente del izquierdista <b>Frente Amplio<\/b> que tendr\u00e1 Uruguay, luego de que el fallecido <b>Tabar\u00e9 V\u00e1zquez <\/b>gobernara en dos per\u00edodos (2005-2010 y 2015-2020) y <b>Jos\u00e9 \u2018Pepe\u2019 Mujica<\/b> lo hiciera en otro (2010-2015).<\/p>\n<div class=\"body-blogging-article \">\n<p class=\"paragraph\">Tras recibir la banda presidencial, el jefe de Estado brind\u00f3 un breve discurso ante sus seguidores y el arco pol\u00edtico de Uruguay en Plaza Independencia, en el centro de Montevideo.<\/p>\n<\/div>\n<div class=\"body-blogging-article \">\n<p class=\"paragraph\">\u201cEmpezamos un per\u00edodo no solo de gobierno nuevo, <b>sino tambi\u00e9n de convocatoria de todos los actores: de la pol\u00edtica, de la academia de Uruguay\u201d<\/b>, afirm\u00f3 el mandatario.<\/p>\n<\/div>\n<div class=\"body-blogging-article \">\n<p class=\"paragraph\">Asimismo, destac\u00f3 que el pa\u00eds \u201ccelebra 40 a\u00f1os de democracia ininterrumpida\u201d: \u201cEl per\u00edodo m\u00e1s extenso, y nos hace sentir orgullosos\u201d.<\/p>\n<\/div>\n<div class=\"body-blogging-article \">\n<p class=\"paragraph\">Orsi remarc\u00f3 que \u201cel pa\u00eds es uno solo\u201d y que \u201clo construimos entre todos\u201d.<\/p>\n<\/div>\n<div class=\"body-blogging-article \">\n<p class=\"paragraph\">\u201cHay mucho para hacer, hay mucho trabajo, sin duda, pero lo tenemos que hacer con la cabeza y el coraz\u00f3n siempre puestos en aquellos que m\u00e1s nos necesitan. Hay un pueblo que nos espera, que tiene muchas expectativas en cada cambio de gobierno\u201d, concluy\u00f3 su discurso.<\/p>\n<\/div>\n","protected":false},"excerpt":{"rendered":"<p>Yamand\u00fa Orsi asumi\u00f3 este s\u00e1bado como presidente de Uruguay, recogiendo la antorcha de su mentor y padrino pol\u00edtico, el popular ex mandatario Jos\u00e9 \u201cPepe\u201d Mujica, en el retorno del izquierdista Frente Amplio al poder tras cinco a\u00f1os de gobierno del Partido Nacional. Orsi, de 57 a\u00f1os, se comprometi\u00f3 ante el Parlamento a \u201cguardar y defender\u201d [&hellip;]<\/p>\n","protected":false},"author":2,"featured_media":3336,"comment_status":"open","ping_status":"open","sticky":false,"template":"","format":"standard","meta":{"footnotes":""},"categories":[24],"tags":[],"class_list":{"0":"post-3335","1":"post","2":"type-post","3":"status-publish","4":"format-standard","5":"has-post-thumbnail","7":"category-mundo"},"aioseo_notices":[],"_links":{"self":[{"href":"https:\/\/elfaroonline.com.ar\/index.php\/wp-json\/wp\/v2\/posts\/3335","targetHints":{"allow":["GET"]}}],"collection":[{"href":"https:\/\/elfaroonline.com.ar\/index.php\/wp-json\/wp\/v2\/posts"}],"about":[{"href":"https:\/\/elfaroonline.com.ar\/index.php\/wp-json\/wp\/v2\/types\/post"}],"author":[{"embeddable":true,"href":"https:\/\/elfaroonline.com.ar\/index.php\/wp-json\/wp\/v2\/users\/2"}],"replies":[{"embeddable":true,"href":"https:\/\/elfaroonline.com.ar\/index.php\/wp-json\/wp\/v2\/comments?post=3335"}],"version-history":[{"count":1,"href":"https:\/\/elfaroonline.com.ar\/index.php\/wp-json\/wp\/v2\/posts\/3335\/revisions"}],"predecessor-version":[{"id":3337,"href":"https:\/\/elfaroonline.com.ar\/index.php\/wp-json\/wp\/v2\/posts\/3335\/revisions\/3337"}],"wp:featuredmedia":[{"embeddable":true,"href":"https:\/\/elfaroonline.com.ar\/index.php\/wp-json\/wp\/v2\/media\/3336"}],"wp:attachment":[{"href":"https:\/\/elfaroonline.com.ar\/index.php\/wp-json\/wp\/v2\/media?parent=3335"}],"wp:term":[{"taxonomy":"category","embeddable":true,"href":"https:\/\/elfaroonline.com.ar\/index.php\/wp-json\/wp\/v2\/categories?post=3335"},{"taxonomy":"post_tag","embeddable":true,"href":"https:\/\/elfaroonline.com.ar\/index.php\/wp-json\/wp\/v2\/tags?post=3335"}],"curies":[{"name":"wp","href":"https:\/\/api.w.org\/{rel}","templated":true}]}}