{"id":3344,"date":"2025-03-07T07:38:48","date_gmt":"2025-03-07T10:38:48","guid":{"rendered":"https:\/\/elfaroonline.com.ar\/?p=3344"},"modified":"2025-03-07T07:38:48","modified_gmt":"2025-03-07T10:38:48","slug":"lithium-energy-argentina-avanza-con-su-proyecto-en-el-salar-de-antofalla","status":"publish","type":"post","link":"https:\/\/elfaroonline.com.ar\/index.php\/2025\/03\/07\/lithium-energy-argentina-avanza-con-su-proyecto-en-el-salar-de-antofalla\/","title":{"rendered":"Lithium Energy Argentina avanza con su proyecto en el Salar de Antofalla"},"content":{"rendered":"<p class=\"v1MsoNormal\">El gobernador Ra\u00fal Jalil recibi\u00f3 este mi\u00e9rcoles al presidente de Lithium Energy Argentina (LEA), Gerardo Romero Ag\u00fcero, y a Jos\u00e9 Velasco, representante del fondo de inversi\u00f3n Arena Investor, para dialogar sobre los trabajos y avances del proyecto que desarrollan en Antofagasta de la Sierra.<\/p>\n<p class=\"v1MsoNormal\">Con el aporte de Arena Investors -principal accionista-, Lithium Energy avanz\u00f3 con la tercera campa\u00f1a de perforaci\u00f3n en la zona del Salar de Antofalla donde obtuvieron &#8220;excelentes resultados&#8221;, seg\u00fan manifest\u00f3 Romero Ag\u00fcero.<\/p>\n<p class=\"v1MsoNormal\">El objetivo de la empresa es continuar con los estudios y trabajos pertinentes en la zona explorada y comenzar, en el plazo de dos a tres a\u00f1os, con la construcci\u00f3n de una Planta de Carbonato de Litio que tendr\u00e1 una inversi\u00f3n aproximada de 300 millones de d\u00f3lares.<\/p>\n<p>Jos\u00e9 Velasco afirm\u00f3 tras el encuentro que &#8220;expresamos al Gobernador nuestro inter\u00e9s de seguir invirtiendo en la regi\u00f3n porque estamos convencidos de la capacidad que tienen para producir litio a largo plazo&#8221;. Seguido, explic\u00f3 el inter\u00e9s de inversi\u00f3n en toda la cadena de valor de este mineral: &#8220;participamos como fondo en toda la cadena de suministro de renovables, no tan solo en la exploraci\u00f3n, sino tambi\u00e9n en la etapa de producci\u00f3n de bater\u00edas, entre otras&#8221;, finaliz\u00f3.<\/p>\n","protected":false},"excerpt":{"rendered":"<p>El gobernador Ra\u00fal Jalil recibi\u00f3 este mi\u00e9rcoles al presidente de Lithium Energy Argentina (LEA), Gerardo Romero Ag\u00fcero, y a Jos\u00e9 Velasco, representante del fondo de inversi\u00f3n Arena Investor, para dialogar sobre los trabajos y avances del proyecto que desarrollan en Antofagasta de la Sierra. Con el aporte de Arena Investors -principal accionista-, Lithium Energy avanz\u00f3 [&hellip;]<\/p>\n","protected":false},"author":2,"featured_media":3345,"comment_status":"open","ping_status":"open","sticky":false,"template":"","format":"standard","meta":{"footnotes":""},"categories":[23,21],"tags":[],"class_list":{"0":"post-3344","1":"post","2":"type-post","3":"status-publish","4":"format-standard","5":"has-post-thumbnail","7":"category-destacados","8":"category-politica"},"aioseo_notices":[],"_links":{"self":[{"href":"https:\/\/elfaroonline.com.ar\/index.php\/wp-json\/wp\/v2\/posts\/3344","targetHints":{"allow":["GET"]}}],"collection":[{"href":"https:\/\/elfaroonline.com.ar\/index.php\/wp-json\/wp\/v2\/posts"}],"about":[{"href":"https:\/\/elfaroonline.com.ar\/index.php\/wp-json\/wp\/v2\/types\/post"}],"author":[{"embeddable":true,"href":"https:\/\/elfaroonline.com.ar\/index.php\/wp-json\/wp\/v2\/users\/2"}],"replies":[{"embeddable":true,"href":"https:\/\/elfaroonline.com.ar\/index.php\/wp-json\/wp\/v2\/comments?post=3344"}],"version-history":[{"count":1,"href":"https:\/\/elfaroonline.com.ar\/index.php\/wp-json\/wp\/v2\/posts\/3344\/revisions"}],"predecessor-version":[{"id":3346,"href":"https:\/\/elfaroonline.com.ar\/index.php\/wp-json\/wp\/v2\/posts\/3344\/revisions\/3346"}],"wp:featuredmedia":[{"embeddable":true,"href":"https:\/\/elfaroonline.com.ar\/index.php\/wp-json\/wp\/v2\/media\/3345"}],"wp:attachment":[{"href":"https:\/\/elfaroonline.com.ar\/index.php\/wp-json\/wp\/v2\/media?parent=3344"}],"wp:term":[{"taxonomy":"category","embeddable":true,"href":"https:\/\/elfaroonline.com.ar\/index.php\/wp-json\/wp\/v2\/categories?post=3344"},{"taxonomy":"post_tag","embeddable":true,"href":"https:\/\/elfaroonline.com.ar\/index.php\/wp-json\/wp\/v2\/tags?post=3344"}],"curies":[{"name":"wp","href":"https:\/\/api.w.org\/{rel}","templated":true}]}}