{"id":3347,"date":"2025-03-07T07:38:18","date_gmt":"2025-03-07T10:38:18","guid":{"rendered":"https:\/\/elfaroonline.com.ar\/?p=3347"},"modified":"2025-03-07T07:38:18","modified_gmt":"2025-03-07T10:38:18","slug":"la-comision-de-asuntos-constitucionales-avana-en-el-analisis-del-proyecto-de-las-paso","status":"publish","type":"post","link":"https:\/\/elfaroonline.com.ar\/index.php\/2025\/03\/07\/la-comision-de-asuntos-constitucionales-avana-en-el-analisis-del-proyecto-de-las-paso\/","title":{"rendered":"La Comisi\u00f3n de Asuntos Constitucionales avana en el an\u00e1lisis del proyecto de las PASO"},"content":{"rendered":"<p>En el marco del tratamiento legislativo del proyecto de Ley que propone suspender, por el presente per\u00edodo, las elecciones Primarias, Abiertas, Simult\u00e1neas y Obligatorias (PASO), la Comisi\u00f3n de Asuntos Constitucionales, Peticiones y Poderes de la C\u00e1mara de Senadores ampliada a las y los legisladores de ambos bloques, mantuvo esta ma\u00f1ana una reuni\u00f3n clave con el ministro de Gobierno, Justicia y Derechos Humanos de la Provincia, Nicol\u00e1s Rosales Matienzo.<\/p>\n<p>El encuentro, encabezado por la senadora Virginia Del Arco en su rol de presidenta de la Comisi\u00f3n, permiti\u00f3 avanzar en el an\u00e1lisis de la iniciativa y profundizar en los fundamentos expuestos por el Ejecutivo provincial respecto de la necesidad de suspender la instancia electoral primaria.<\/p>\n<p>Adem\u00e1s de la titular de la Comisi\u00f3n, participaron las y los senadores Antonio Camposano, Horacio Guti\u00e9rrez, Ram\u00f3n Figueroa Castellanos, Mario Gershani, Jos\u00e9 P\u00edo Carletta, Andrea Lobo, Jos\u00e9 Alaniz Andrada y Augusto Ojeda.<\/p>\n<p>Durante la reuni\u00f3n, los legisladores intercambiaron opiniones con el ministro sobre los alcances del proyecto, su impacto en el sistema electoral provincial y la viabilidad de su implementaci\u00f3n en el actual contexto pol\u00edtico.<\/p>\n","protected":false},"excerpt":{"rendered":"<p>En el marco del tratamiento legislativo del proyecto de Ley que propone suspender, por el presente per\u00edodo, las elecciones Primarias, Abiertas, Simult\u00e1neas y Obligatorias (PASO), la Comisi\u00f3n de Asuntos Constitucionales, Peticiones y Poderes de la C\u00e1mara de Senadores ampliada a las y los legisladores de ambos bloques, mantuvo esta ma\u00f1ana una reuni\u00f3n clave con el [&hellip;]<\/p>\n","protected":false},"author":2,"featured_media":3348,"comment_status":"open","ping_status":"open","sticky":false,"template":"","format":"standard","meta":{"footnotes":""},"categories":[21],"tags":[],"class_list":{"0":"post-3347","1":"post","2":"type-post","3":"status-publish","4":"format-standard","5":"has-post-thumbnail","7":"category-politica"},"aioseo_notices":[],"_links":{"self":[{"href":"https:\/\/elfaroonline.com.ar\/index.php\/wp-json\/wp\/v2\/posts\/3347","targetHints":{"allow":["GET"]}}],"collection":[{"href":"https:\/\/elfaroonline.com.ar\/index.php\/wp-json\/wp\/v2\/posts"}],"about":[{"href":"https:\/\/elfaroonline.com.ar\/index.php\/wp-json\/wp\/v2\/types\/post"}],"author":[{"embeddable":true,"href":"https:\/\/elfaroonline.com.ar\/index.php\/wp-json\/wp\/v2\/users\/2"}],"replies":[{"embeddable":true,"href":"https:\/\/elfaroonline.com.ar\/index.php\/wp-json\/wp\/v2\/comments?post=3347"}],"version-history":[{"count":1,"href":"https:\/\/elfaroonline.com.ar\/index.php\/wp-json\/wp\/v2\/posts\/3347\/revisions"}],"predecessor-version":[{"id":3349,"href":"https:\/\/elfaroonline.com.ar\/index.php\/wp-json\/wp\/v2\/posts\/3347\/revisions\/3349"}],"wp:featuredmedia":[{"embeddable":true,"href":"https:\/\/elfaroonline.com.ar\/index.php\/wp-json\/wp\/v2\/media\/3348"}],"wp:attachment":[{"href":"https:\/\/elfaroonline.com.ar\/index.php\/wp-json\/wp\/v2\/media?parent=3347"}],"wp:term":[{"taxonomy":"category","embeddable":true,"href":"https:\/\/elfaroonline.com.ar\/index.php\/wp-json\/wp\/v2\/categories?post=3347"},{"taxonomy":"post_tag","embeddable":true,"href":"https:\/\/elfaroonline.com.ar\/index.php\/wp-json\/wp\/v2\/tags?post=3347"}],"curies":[{"name":"wp","href":"https:\/\/api.w.org\/{rel}","templated":true}]}}