{"id":3350,"date":"2025-03-07T07:37:53","date_gmt":"2025-03-07T10:37:53","guid":{"rendered":"https:\/\/elfaroonline.com.ar\/?p=3350"},"modified":"2025-03-07T07:37:53","modified_gmt":"2025-03-07T10:37:53","slug":"catamarca-dio-inicio-al-ciclo-lectivo-2025-con-todos-los-alumnos-y-docentes-en-las-aulas","status":"publish","type":"post","link":"https:\/\/elfaroonline.com.ar\/index.php\/2025\/03\/07\/catamarca-dio-inicio-al-ciclo-lectivo-2025-con-todos-los-alumnos-y-docentes-en-las-aulas\/","title":{"rendered":"Catamarca dio inicio al ciclo lectivo 2025 con todos los alumnos y docentes en las aulas"},"content":{"rendered":"<p class=\"v1MsoNormal\">Con un acto en la Escuela N\u00b08 &#8220;Gobernador Jos\u00e9 Cubas&#8221;, Catamarca dio inicio al ciclo lectivo 2025 para las instituciones educativas de la provincia. La ceremonia cont\u00f3 con la presencia del gobernador Ra\u00fal Jalil, el ministro de Educaci\u00f3n, Dalmacio Mera; el ministro de Gobierno, Justicia y Derechos Humanos, Nicol\u00e1s Rosales; la intendenta de Valle Viejo, Susana Zenteno, y miembros de la comunidad educativa.<\/p>\n<p class=\"v1MsoNormal\">El evento tuvo lugar en un edificio completamente renovado, donde se realizaron mejoras en infraestructura, incluyendo la refacci\u00f3n de aulas, pintura en pasillos y salones, la instalaci\u00f3n de techado en la zona deportiva y diversas modificaciones para optimizar la seguridad y comodidad de estudiantes y docentes.<\/p>\n<p class=\"v1MsoNormal\">En su discurso, el gobernador Ra\u00fal Jalil dio la bienvenida a alumnos y docentes, resaltando los desaf\u00edos actuales que enfrenta la sociedad y la importancia de la educaci\u00f3n en la adaptaci\u00f3n a los nuevos tiempos. &#8220;Vivimos una nueva era, con cambios clim\u00e1ticos, escasez de agua y avances en rob\u00f3tica e inteligencia artificial. La educaci\u00f3n debe acompa\u00f1ar estos procesos&#8221;, se\u00f1al\u00f3.<\/p>\n<p class=\"v1MsoNormal\">Tambi\u00e9n remarc\u00f3 la importancia del trabajo conjunto de cara a los desaf\u00edos futuros: &#8220;Vamos a trabajar con los sindicatos, los legisladores y la Universidad de Catamarca, con la que ya venimos avanzando en la carrera de Medicina. Pero este esfuerzo debe ser compartido por todos: alumnos, padres y autoridades locales&#8221;, afirm\u00f3 el mandatario.<\/p>\n<p class=\"v1MsoNormal\">Por su parte, el ministro de Educaci\u00f3n, Dalmacio Mera, anunci\u00f3 importantes medidas para mejorar la calidad educativa en este ciclo lectivo. En este marco, confirm\u00f3 la continuidad del Plan Provincial de Alfabetizaci\u00f3n Inicial, enfocado en fortalecer la lectura y escritura en los primeros a\u00f1os del nivel primario.<\/p>\n<p class=\"v1MsoNormal\">Adem\u00e1s, anunci\u00f3 un nuevo desaf\u00edo para este a\u00f1o: la implementaci\u00f3n de la primera escuela biling\u00fce de la provincia. &#8220;Los chicos son el futuro, y queremos brindarles todas las herramientas necesarias para prepararlos para la vida&#8221;, cerr\u00f3.<\/p>\n","protected":false},"excerpt":{"rendered":"<p>Con un acto en la Escuela N\u00b08 &#8220;Gobernador Jos\u00e9 Cubas&#8221;, Catamarca dio inicio al ciclo lectivo 2025 para las instituciones educativas de la provincia. La ceremonia cont\u00f3 con la presencia del gobernador Ra\u00fal Jalil, el ministro de Educaci\u00f3n, Dalmacio Mera; el ministro de Gobierno, Justicia y Derechos Humanos, Nicol\u00e1s Rosales; la intendenta de Valle Viejo, [&hellip;]<\/p>\n","protected":false},"author":2,"featured_media":3351,"comment_status":"open","ping_status":"open","sticky":false,"template":"","format":"standard","meta":{"footnotes":""},"categories":[23,20],"tags":[],"class_list":{"0":"post-3350","1":"post","2":"type-post","3":"status-publish","4":"format-standard","5":"has-post-thumbnail","7":"category-destacados","8":"category-sociedad"},"aioseo_notices":[],"_links":{"self":[{"href":"https:\/\/elfaroonline.com.ar\/index.php\/wp-json\/wp\/v2\/posts\/3350","targetHints":{"allow":["GET"]}}],"collection":[{"href":"https:\/\/elfaroonline.com.ar\/index.php\/wp-json\/wp\/v2\/posts"}],"about":[{"href":"https:\/\/elfaroonline.com.ar\/index.php\/wp-json\/wp\/v2\/types\/post"}],"author":[{"embeddable":true,"href":"https:\/\/elfaroonline.com.ar\/index.php\/wp-json\/wp\/v2\/users\/2"}],"replies":[{"embeddable":true,"href":"https:\/\/elfaroonline.com.ar\/index.php\/wp-json\/wp\/v2\/comments?post=3350"}],"version-history":[{"count":1,"href":"https:\/\/elfaroonline.com.ar\/index.php\/wp-json\/wp\/v2\/posts\/3350\/revisions"}],"predecessor-version":[{"id":3352,"href":"https:\/\/elfaroonline.com.ar\/index.php\/wp-json\/wp\/v2\/posts\/3350\/revisions\/3352"}],"wp:featuredmedia":[{"embeddable":true,"href":"https:\/\/elfaroonline.com.ar\/index.php\/wp-json\/wp\/v2\/media\/3351"}],"wp:attachment":[{"href":"https:\/\/elfaroonline.com.ar\/index.php\/wp-json\/wp\/v2\/media?parent=3350"}],"wp:term":[{"taxonomy":"category","embeddable":true,"href":"https:\/\/elfaroonline.com.ar\/index.php\/wp-json\/wp\/v2\/categories?post=3350"},{"taxonomy":"post_tag","embeddable":true,"href":"https:\/\/elfaroonline.com.ar\/index.php\/wp-json\/wp\/v2\/tags?post=3350"}],"curies":[{"name":"wp","href":"https:\/\/api.w.org\/{rel}","templated":true}]}}