{"id":3353,"date":"2025-03-07T07:37:24","date_gmt":"2025-03-07T10:37:24","guid":{"rendered":"https:\/\/elfaroonline.com.ar\/?p=3353"},"modified":"2025-03-07T07:37:24","modified_gmt":"2025-03-07T10:37:24","slug":"las-jubilaciones-pensiones-y-asignaciones-de-anses-aumentaran-221-en-marzo","status":"publish","type":"post","link":"https:\/\/elfaroonline.com.ar\/index.php\/2025\/03\/07\/las-jubilaciones-pensiones-y-asignaciones-de-anses-aumentaran-221-en-marzo\/","title":{"rendered":"Las jubilaciones, pensiones y asignaciones de Anses aumentar\u00e1n 2,21% en marzo"},"content":{"rendered":"<p class=\"v1MsoNormal\">ANSES, organismo dependiente del Ministerio de Capital Humano, informa que las jubilaciones, pensiones y asignaciones tendr\u00e1n un incremento en<b> marzo<\/b> del <b>2,21 por ciento<\/b>, por la f\u00f3rmula de movilidad que toma como referencia el \u00cdndice de Precios al Consumidor (IPC) de enero publicado por el Instituto Nacional de Estad\u00edstica y Censos (INDEC).<\/p>\n<p class=\"v1MsoNormal\">Adem\u00e1s, los titulares de jubilaciones y pensiones con haberes m\u00ednimos cobrar\u00e1n, con el calendario de pagos habitual, un<b>bono de 70 mil pesos<\/b>, por lo que ning\u00fan jubilado o pensionado recibir\u00e1 menos de<b> 349.121,71 pesos <\/b>(279.121,71 pesos de haber m\u00ednimo con aumento + 70 mil pesos de bono)<b>.<\/b>En tanto, quienes superen el m\u00ednimo tendr\u00e1n un bono proporcional hasta alcanzar los 349.121,71 pesos.<b><\/b><\/p>\n<p class=\"v1MsoNormal\">La Pensi\u00f3n Universal para el Adulto Mayor (PUAM) ser\u00e1 de<b>293.297,37 <\/b>(223.297,37 pesos de haber con aumento + 70 mil pesos de bono) y las Pensiones No Contributivas (PNC) por Invalidez y Vejez, de <b>265.385,20 <\/b>pesos (195.385,20 pesos de haber con aumento + 70 mil pesos de bono).<b><\/b><\/p>\n<p>En tanto, la Asignaci\u00f3n Universal por Hijo (AUH) ascender\u00e1 a<b>100.297 pesos<\/b>; la AUH por Hijo con Discapacidad, a <b>326.587 pesos<\/b>, y la Asignaci\u00f3n Familiar por Hijo, a <b>50.151 pesos<\/b> para el primer rango de ingresos.<\/p>\n","protected":false},"excerpt":{"rendered":"<p>ANSES, organismo dependiente del Ministerio de Capital Humano, informa que las jubilaciones, pensiones y asignaciones tendr\u00e1n un incremento en marzo del 2,21 por ciento, por la f\u00f3rmula de movilidad que toma como referencia el \u00cdndice de Precios al Consumidor (IPC) de enero publicado por el Instituto Nacional de Estad\u00edstica y Censos (INDEC). Adem\u00e1s, los titulares [&hellip;]<\/p>\n","protected":false},"author":2,"featured_media":3354,"comment_status":"open","ping_status":"open","sticky":false,"template":"","format":"standard","meta":{"footnotes":""},"categories":[22],"tags":[],"class_list":{"0":"post-3353","1":"post","2":"type-post","3":"status-publish","4":"format-standard","5":"has-post-thumbnail","7":"category-nacionales"},"aioseo_notices":[],"_links":{"self":[{"href":"https:\/\/elfaroonline.com.ar\/index.php\/wp-json\/wp\/v2\/posts\/3353","targetHints":{"allow":["GET"]}}],"collection":[{"href":"https:\/\/elfaroonline.com.ar\/index.php\/wp-json\/wp\/v2\/posts"}],"about":[{"href":"https:\/\/elfaroonline.com.ar\/index.php\/wp-json\/wp\/v2\/types\/post"}],"author":[{"embeddable":true,"href":"https:\/\/elfaroonline.com.ar\/index.php\/wp-json\/wp\/v2\/users\/2"}],"replies":[{"embeddable":true,"href":"https:\/\/elfaroonline.com.ar\/index.php\/wp-json\/wp\/v2\/comments?post=3353"}],"version-history":[{"count":1,"href":"https:\/\/elfaroonline.com.ar\/index.php\/wp-json\/wp\/v2\/posts\/3353\/revisions"}],"predecessor-version":[{"id":3355,"href":"https:\/\/elfaroonline.com.ar\/index.php\/wp-json\/wp\/v2\/posts\/3353\/revisions\/3355"}],"wp:featuredmedia":[{"embeddable":true,"href":"https:\/\/elfaroonline.com.ar\/index.php\/wp-json\/wp\/v2\/media\/3354"}],"wp:attachment":[{"href":"https:\/\/elfaroonline.com.ar\/index.php\/wp-json\/wp\/v2\/media?parent=3353"}],"wp:term":[{"taxonomy":"category","embeddable":true,"href":"https:\/\/elfaroonline.com.ar\/index.php\/wp-json\/wp\/v2\/categories?post=3353"},{"taxonomy":"post_tag","embeddable":true,"href":"https:\/\/elfaroonline.com.ar\/index.php\/wp-json\/wp\/v2\/tags?post=3353"}],"curies":[{"name":"wp","href":"https:\/\/api.w.org\/{rel}","templated":true}]}}