{"id":3356,"date":"2025-03-07T07:37:00","date_gmt":"2025-03-07T10:37:00","guid":{"rendered":"https:\/\/elfaroonline.com.ar\/?p=3356"},"modified":"2025-03-07T07:37:00","modified_gmt":"2025-03-07T10:37:00","slug":"preinscripciones-presenciales-para-medicina-en-la-unca","status":"publish","type":"post","link":"https:\/\/elfaroonline.com.ar\/index.php\/2025\/03\/07\/preinscripciones-presenciales-para-medicina-en-la-unca\/","title":{"rendered":"Preinscripciones presenciales para Medicina en la UNCA"},"content":{"rendered":"<p class=\"v1MsoNormal\"><span lang=\"ES-TRAD\">Dio inicio la etapa de preinscripci\u00f3n presencial para la Carrera de Medicina que dicta la Facultad de Ciencias de la Salud de la UNCA, momento en que cientos de personas concretaron esa parte del tr\u00e1mite.<\/span><\/p>\n<p class=\"v1MsoNormal\"><span lang=\"ES-TRAD\">\u00a0<\/span><\/p>\n<p class=\"v1MsoNormal\"><span lang=\"ES-TRAD\">La secretaria Acad\u00e9mica de esa Facultad, Lic. Alejandra Machado Nieto indic\u00f3 que &#8220;hasta el 28 de febrero fue el primer paso de la preinscripci\u00f3n, una instancia online que deb\u00eda concluir cada uno de los aspirantes. Desde hoy y hasta el 21 de marzo, estamos recibiendo la documentaci\u00f3n necesaria para terminar el proceso de preinscripci\u00f3n, lo que va a dar paso al Ciclo de Formaci\u00f3n Introductorio&#8221;. <\/span><\/p>\n<p class=\"v1MsoNormal\"><span lang=\"ES-TRAD\">\u00a0<\/span><\/p>\n<p class=\"v1MsoNormal\"><span lang=\"ES-TRAD\">La acad\u00e9mica especific\u00f3 que son m\u00e1s de 1700 los postulantes y que esta instancia de solicitar la documentaci\u00f3n, tiene que ver con asegurarse de que todos los aspirantes posean los documentos requeridos y as\u00ed brindar las mismas oportunidades a todos. &#8220;Se trata de un tr\u00e1mite personal&#8221;.<\/span><\/p>\n<p class=\"v1MsoNormal\"><span lang=\"ES-TRAD\">\u00a0<\/span><\/p>\n<p class=\"v1MsoNormal\"><span lang=\"ES-TRAD\">Morena, una de las preinscriptas, dijo que &#8220;siempre tuve vocaci\u00f3n de ayudar a la gente y cumplir un rol social para servir a la sociedad. Desde chica quise ser doctora&#8221;, relat\u00f3 la joven.<\/span><\/p>\n<p class=\"v1MsoNormal\"><span lang=\"ES-TRAD\">\u00a0<\/span><\/p>\n<p class=\"v1MsoNormal\"><span lang=\"ES-TRAD\">Con respecto a la posibilidad que brinda la UNCA de poder cursar esta carrera en Catamarca, expres\u00f3 que &#8220;me parece bien, porque hay muchos chicos que no tienen la posibilidad de salir de la provincia para estudiar por cuestiones econ\u00f3micas. Es m\u00e1s, a m\u00ed tambi\u00e9n me iba a pasar lo mismo, pero gracias a Dios ya me pude preinscribir&#8221;.<\/span><\/p>\n<p class=\"v1MsoNormal\"><span lang=\"ES-TRAD\">\u00a0<\/span><\/p>\n<p class=\"v1MsoNormal\"><span lang=\"ES-TRAD\">Julieta, por su parte, indic\u00f3 que &#8220;termin\u00e9 la secundaria en 2023 y me fui a estudiar Psicolog\u00eda en Corrientes. Ah\u00ed me di cuenta que lo m\u00edo era la Medicina, pero por distintos temas personales no me quer\u00eda volver a ir de Catamarca. Y justo, por esas casualidades de la vida, abri\u00f3 aqu\u00ed la carrera, por lo que no voy a quedar frustrada y no voy a tener que decir que no pude hacer esto, que es lo que siempre quise. Voy a estar en mi casa, estudiar lo que quiero y con la gente que quiero, todo en uno&#8221;, coment\u00f3 sonriente.<\/span><\/p>\n","protected":false},"excerpt":{"rendered":"<p>Dio inicio la etapa de preinscripci\u00f3n presencial para la Carrera de Medicina que dicta la Facultad de Ciencias de la Salud de la UNCA, momento en que cientos de personas concretaron esa parte del tr\u00e1mite. \u00a0 La secretaria Acad\u00e9mica de esa Facultad, Lic. Alejandra Machado Nieto indic\u00f3 que &#8220;hasta el 28 de febrero fue el [&hellip;]<\/p>\n","protected":false},"author":2,"featured_media":3357,"comment_status":"open","ping_status":"open","sticky":false,"template":"","format":"standard","meta":{"footnotes":""},"categories":[20],"tags":[],"class_list":{"0":"post-3356","1":"post","2":"type-post","3":"status-publish","4":"format-standard","5":"has-post-thumbnail","7":"category-sociedad"},"aioseo_notices":[],"_links":{"self":[{"href":"https:\/\/elfaroonline.com.ar\/index.php\/wp-json\/wp\/v2\/posts\/3356","targetHints":{"allow":["GET"]}}],"collection":[{"href":"https:\/\/elfaroonline.com.ar\/index.php\/wp-json\/wp\/v2\/posts"}],"about":[{"href":"https:\/\/elfaroonline.com.ar\/index.php\/wp-json\/wp\/v2\/types\/post"}],"author":[{"embeddable":true,"href":"https:\/\/elfaroonline.com.ar\/index.php\/wp-json\/wp\/v2\/users\/2"}],"replies":[{"embeddable":true,"href":"https:\/\/elfaroonline.com.ar\/index.php\/wp-json\/wp\/v2\/comments?post=3356"}],"version-history":[{"count":1,"href":"https:\/\/elfaroonline.com.ar\/index.php\/wp-json\/wp\/v2\/posts\/3356\/revisions"}],"predecessor-version":[{"id":3358,"href":"https:\/\/elfaroonline.com.ar\/index.php\/wp-json\/wp\/v2\/posts\/3356\/revisions\/3358"}],"wp:featuredmedia":[{"embeddable":true,"href":"https:\/\/elfaroonline.com.ar\/index.php\/wp-json\/wp\/v2\/media\/3357"}],"wp:attachment":[{"href":"https:\/\/elfaroonline.com.ar\/index.php\/wp-json\/wp\/v2\/media?parent=3356"}],"wp:term":[{"taxonomy":"category","embeddable":true,"href":"https:\/\/elfaroonline.com.ar\/index.php\/wp-json\/wp\/v2\/categories?post=3356"},{"taxonomy":"post_tag","embeddable":true,"href":"https:\/\/elfaroonline.com.ar\/index.php\/wp-json\/wp\/v2\/tags?post=3356"}],"curies":[{"name":"wp","href":"https:\/\/api.w.org\/{rel}","templated":true}]}}