{"id":3359,"date":"2025-03-07T07:36:35","date_gmt":"2025-03-07T10:36:35","guid":{"rendered":"https:\/\/elfaroonline.com.ar\/?p=3359"},"modified":"2025-03-07T07:36:35","modified_gmt":"2025-03-07T10:36:35","slug":"tauil-inauguro-nuevo-local-y-centro-logistico","status":"publish","type":"post","link":"https:\/\/elfaroonline.com.ar\/index.php\/2025\/03\/07\/tauil-inauguro-nuevo-local-y-centro-logistico\/","title":{"rendered":"Tauil inaugur\u00f3 nuevo local y centro log\u00edstico"},"content":{"rendered":"<p class=\"v1MsoNormal\"><i>Brinda trabajo a 90 personas en la provincia y busca ingresar al programa One Shot Plus para beneficiar a m\u00e1s catamarque\u00f1os.<\/i><\/p>\n<p class=\"v1MsoNormal\">El gobernador Ra\u00fal Jalil, acompa\u00f1ado del ministro de Industria, Comercio y Empleo, Sebasti\u00e1n Caria, particip\u00f3 de la inauguraci\u00f3n del nuevo local de la firma comercial Tauil SAS, ubicada en el sector este de la Capital, la que estuvo encabezada por el propietario Ren\u00e9 Tauil y autoridades de la empresa.<\/p>\n<p class=\"v1MsoNormal\">De esta manera y a trav\u00e9s de una importante inversi\u00f3n, esta empresa -que se encuentra radicada hace quince a\u00f1os en la provincia- tom\u00f3 la decisi\u00f3n de fortalecer su accionar y plan de trabajo en esta provincia, con el objeto de consolidar un proceso que tiene como objetivo ampliar su horizonte de ventas.<\/p>\n<p class=\"v1MsoNormal\">En la oportunidad, Ren\u00e9 Tauil explic\u00f3 que la nueva infraestructura edilicia de la firma permitir\u00e1, entre otros aspectos, poder ampliar su capacidad de comercializaci\u00f3n de productos que se encuentran destinados a comercios mayoristas y minoristas de esta provincia. &#8220;Nuestra empresa se encuentra trabajando desde hace quince a\u00f1os en Catamarca brindando servicios a comercios locales&#8221;, explic\u00f3.<\/p>\n<p class=\"v1MsoNormal\">El empresario remarc\u00f3 durante la inauguraci\u00f3n que posee una planta de 60 trabajadores catamarque\u00f1os registrados, y anunci\u00f3 que se encuentra trabajando para incorporar la firma en el programa One Shot Plus de alimentos.<\/p>\n<p class=\"v1MsoNormal\">Tauil afirm\u00f3 que esta es una &#8220;fuerte apuesta en Catamarca&#8221; y detall\u00f3 que el nuevo edificio, que tiene 3.000 metros cuadrados en el sal\u00f3n de ventas, y 120 metros cuadrados en lo que es el dep\u00f3sito, fue construido especialmente a medida de las necesidades de la empresa.<\/p>\n<p class=\"v1MsoNormal\">Tambi\u00e9n se subray\u00f3 que el centro comercial inaugurado pasar\u00e1 a ser el centro log\u00edstico de Tauil SAS, que adem\u00e1s tiene sucursales en Recreo, departamento La Paz (donde tiene 30 empleados), y Fr\u00edas, en Santiago del Estero.<\/p>\n<p class=\"v1MsoNormal\">Las autoridades provinciales felicitaron a los propietarios y pusieron a disposici\u00f3n las herramientas y beneficios destinados a las nuevas inversiones y generaci\u00f3n de nuevos empleos.<\/p>\n","protected":false},"excerpt":{"rendered":"<p>Brinda trabajo a 90 personas en la provincia y busca ingresar al programa One Shot Plus para beneficiar a m\u00e1s catamarque\u00f1os. El gobernador Ra\u00fal Jalil, acompa\u00f1ado del ministro de Industria, Comercio y Empleo, Sebasti\u00e1n Caria, particip\u00f3 de la inauguraci\u00f3n del nuevo local de la firma comercial Tauil SAS, ubicada en el sector este de la [&hellip;]<\/p>\n","protected":false},"author":2,"featured_media":3360,"comment_status":"open","ping_status":"open","sticky":false,"template":"","format":"standard","meta":{"footnotes":""},"categories":[21],"tags":[],"class_list":{"0":"post-3359","1":"post","2":"type-post","3":"status-publish","4":"format-standard","5":"has-post-thumbnail","7":"category-politica"},"aioseo_notices":[],"_links":{"self":[{"href":"https:\/\/elfaroonline.com.ar\/index.php\/wp-json\/wp\/v2\/posts\/3359","targetHints":{"allow":["GET"]}}],"collection":[{"href":"https:\/\/elfaroonline.com.ar\/index.php\/wp-json\/wp\/v2\/posts"}],"about":[{"href":"https:\/\/elfaroonline.com.ar\/index.php\/wp-json\/wp\/v2\/types\/post"}],"author":[{"embeddable":true,"href":"https:\/\/elfaroonline.com.ar\/index.php\/wp-json\/wp\/v2\/users\/2"}],"replies":[{"embeddable":true,"href":"https:\/\/elfaroonline.com.ar\/index.php\/wp-json\/wp\/v2\/comments?post=3359"}],"version-history":[{"count":2,"href":"https:\/\/elfaroonline.com.ar\/index.php\/wp-json\/wp\/v2\/posts\/3359\/revisions"}],"predecessor-version":[{"id":3376,"href":"https:\/\/elfaroonline.com.ar\/index.php\/wp-json\/wp\/v2\/posts\/3359\/revisions\/3376"}],"wp:featuredmedia":[{"embeddable":true,"href":"https:\/\/elfaroonline.com.ar\/index.php\/wp-json\/wp\/v2\/media\/3360"}],"wp:attachment":[{"href":"https:\/\/elfaroonline.com.ar\/index.php\/wp-json\/wp\/v2\/media?parent=3359"}],"wp:term":[{"taxonomy":"category","embeddable":true,"href":"https:\/\/elfaroonline.com.ar\/index.php\/wp-json\/wp\/v2\/categories?post=3359"},{"taxonomy":"post_tag","embeddable":true,"href":"https:\/\/elfaroonline.com.ar\/index.php\/wp-json\/wp\/v2\/tags?post=3359"}],"curies":[{"name":"wp","href":"https:\/\/api.w.org\/{rel}","templated":true}]}}