{"id":3365,"date":"2025-03-07T07:35:40","date_gmt":"2025-03-07T10:35:40","guid":{"rendered":"https:\/\/elfaroonline.com.ar\/?p=3365"},"modified":"2025-03-07T07:35:40","modified_gmt":"2025-03-07T10:35:40","slug":"el-finde-de-carnaval-dejo-un-impacto-economico-de-1-642-millones-de-pesos-en-catamarca","status":"publish","type":"post","link":"https:\/\/elfaroonline.com.ar\/index.php\/2025\/03\/07\/el-finde-de-carnaval-dejo-un-impacto-economico-de-1-642-millones-de-pesos-en-catamarca\/","title":{"rendered":"El finde de carnaval dej\u00f3 un impacto econ\u00f3mico de 1.642 millones de pesos en Catamarca"},"content":{"rendered":"<p class=\"v1MsoNormal\">Durante el fin de semana XL de carnaval Catamarca registr\u00f3 un 58% de ocupaci\u00f3n hotelera a nivel provincial, con la llegada de 12.300 visitantes, seg\u00fan datos proporcionados por la Direcci\u00f3n de Calidad Tur\u00edstica del Ministerio de Cultura, Turismo y Deporte de la Provincia.<\/p>\n<p class=\"v1MsoNormal\">La estad\u00eda promedio registrada fue de 3 d\u00edas, con un impacto econ\u00f3mico de $1.643 millones de pesos, distribuidos en toda la cadena de valor del turismo que contempla no solo alojamientos y gastronom\u00eda, sino tambi\u00e9n en transporte, comercio y afines.<\/p>\n<p class=\"v1MsoNormal\">Este fin de semana marc\u00f3 el final de la temporada de verano que permiti\u00f3 una gran circulaci\u00f3n de turismo, tanto interno como nacional, en Catamarca y, en particular, estos d\u00edas estuvieron signados por las propuestas vinculadas a la celebraci\u00f3n de los carnavales que, en la provincia, asumen manifestaciones diversas, desde topamientos y celebraciones tradicionales protagonizadas por hombres-p\u00e1jaro, hasta chayas y corsos con mucho color.<\/p>\n<p class=\"v1MsoNormal\">En Capital, donde el municipio propuso una interesante agenda cultural y tur\u00edstica, la ocupaci\u00f3n hotelera promedio fue del 38% y muchos municipios tanto del oeste provincial como de la regi\u00f3n verde tuvieron ocupaciones por encima de la media, como Mutqu\u00edn, uno de los epicentros en las celebraciones del carnaval, con el 100%; Villa Vil 98%, El Rodeo 98%, Santa Mar\u00eda cerr\u00f3 con el 95% y un importante motoencuentro, Los Altos 87%, La Puerta y Las Juntas, 80%, Pom\u00e1n 65% y Pacl\u00edn 65%.<\/p>\n","protected":false},"excerpt":{"rendered":"<p>Durante el fin de semana XL de carnaval Catamarca registr\u00f3 un 58% de ocupaci\u00f3n hotelera a nivel provincial, con la llegada de 12.300 visitantes, seg\u00fan datos proporcionados por la Direcci\u00f3n de Calidad Tur\u00edstica del Ministerio de Cultura, Turismo y Deporte de la Provincia. La estad\u00eda promedio registrada fue de 3 d\u00edas, con un impacto econ\u00f3mico [&hellip;]<\/p>\n","protected":false},"author":2,"featured_media":3366,"comment_status":"open","ping_status":"open","sticky":false,"template":"","format":"standard","meta":{"footnotes":""},"categories":[20],"tags":[],"class_list":{"0":"post-3365","1":"post","2":"type-post","3":"status-publish","4":"format-standard","5":"has-post-thumbnail","7":"category-sociedad"},"aioseo_notices":[],"_links":{"self":[{"href":"https:\/\/elfaroonline.com.ar\/index.php\/wp-json\/wp\/v2\/posts\/3365","targetHints":{"allow":["GET"]}}],"collection":[{"href":"https:\/\/elfaroonline.com.ar\/index.php\/wp-json\/wp\/v2\/posts"}],"about":[{"href":"https:\/\/elfaroonline.com.ar\/index.php\/wp-json\/wp\/v2\/types\/post"}],"author":[{"embeddable":true,"href":"https:\/\/elfaroonline.com.ar\/index.php\/wp-json\/wp\/v2\/users\/2"}],"replies":[{"embeddable":true,"href":"https:\/\/elfaroonline.com.ar\/index.php\/wp-json\/wp\/v2\/comments?post=3365"}],"version-history":[{"count":1,"href":"https:\/\/elfaroonline.com.ar\/index.php\/wp-json\/wp\/v2\/posts\/3365\/revisions"}],"predecessor-version":[{"id":3367,"href":"https:\/\/elfaroonline.com.ar\/index.php\/wp-json\/wp\/v2\/posts\/3365\/revisions\/3367"}],"wp:featuredmedia":[{"embeddable":true,"href":"https:\/\/elfaroonline.com.ar\/index.php\/wp-json\/wp\/v2\/media\/3366"}],"wp:attachment":[{"href":"https:\/\/elfaroonline.com.ar\/index.php\/wp-json\/wp\/v2\/media?parent=3365"}],"wp:term":[{"taxonomy":"category","embeddable":true,"href":"https:\/\/elfaroonline.com.ar\/index.php\/wp-json\/wp\/v2\/categories?post=3365"},{"taxonomy":"post_tag","embeddable":true,"href":"https:\/\/elfaroonline.com.ar\/index.php\/wp-json\/wp\/v2\/tags?post=3365"}],"curies":[{"name":"wp","href":"https:\/\/api.w.org\/{rel}","templated":true}]}}