{"id":338,"date":"2024-04-25T23:21:56","date_gmt":"2024-04-26T02:21:56","guid":{"rendered":"https:\/\/elfaroonline.com.ar\/?p=338"},"modified":"2024-04-25T23:21:56","modified_gmt":"2024-04-26T02:21:56","slug":"crisis-en-espana-los-posibles-escenarios-tras-la-probable-renuncia-de-pedro-sanchez","status":"publish","type":"post","link":"https:\/\/elfaroonline.com.ar\/index.php\/2024\/04\/25\/crisis-en-espana-los-posibles-escenarios-tras-la-probable-renuncia-de-pedro-sanchez\/","title":{"rendered":"Crisis en Espa\u00f1a: los posibles escenarios tras la probable renuncia de Pedro S\u00e1nchez"},"content":{"rendered":"<article class=\"article-body article-body--first-paragraph content-protected-false\" data-td-script-src=\"https:\/\/www.ambito.com\/js-custom\/vendor\/jquery\/jquery-3.6.0.min-min-version-1714017973.js,https:\/\/www.ambito.com\/td\/modulos\/encuestas\/js\/function-embeds-min-version-1714018039.js\">El presidente de Espa\u00f1a, Pedro S\u00e1nchez comunic\u00f3 en sus redes sociales que se tomar\u00eda unos d\u00edas para &#8220;reflexionar&#8221; sobre si d<strong>ebe continuar en su cargo o si debe renunciar.<\/strong> El mensaje se dio tras el esc\u00e1ndalo que desat\u00f3 la denuncia contra su esposa por delito de tr\u00e1fico de influencias y corrupci\u00f3n.<\/p>\n<\/article>\n<article class=\"article-body article-body--second-paragraph content-protected-false\">Lo cierto, es que el anuncio del mandatario sorprendi\u00f3 a todos. Incluso, aseguran que S\u00e1nchez realiz\u00f3 el posteo amenazando con dimitir en una carta de cuatro p\u00e1ginas sin siquiera informar previamente a sus ministros m\u00e1s cercanos. En ese sentido, los analistas eval\u00faan <strong>distintos escenarios tras las amenazas del Presidente.<\/strong><\/p>\n<article class=\"article-body article-body--fourth-paragraph content-protected-false\">Seg\u00fan los analistas, la idea de S\u00e1nchez pudo haber sido la de <strong>recuperar la iniciativa frente a la oposici\u00f3n de derecha<\/strong> en medio de una extrema polarizaci\u00f3n de la vida pol\u00edtica espa\u00f1ola. El Presidente denunci\u00f3 la &#8220;<strong>gravedad de los ataques&#8221;<\/strong> contra \u00e9l y su esposa como una campa\u00f1a de &#8220;<strong>acoso<\/strong>&#8221; y desestabilizaci\u00f3n emprendida por la derecha.<\/p>\n<\/article>\n<article class=\"article-body article-body--remaining-paragraph content-protected-false\">En esa misma l\u00ednea, el mandatario espa\u00f1ol incluy\u00f3 en esta campa\u00f1a la apertura de la investigaci\u00f3n judicial contra su esposa. Seg\u00fan <strong>Oriol Bartomeus<\/strong>, polit\u00f3logo de la Universidad Aut\u00f3noma de Barcelona, con este movimiento S\u00e1nchez intenta &#8220;<strong>cambiar las coordenadas de la conversaci\u00f3n<\/strong>&#8220;.<\/p>\n<p>Adem\u00e1s, en di\u00e1logo con AFP, <strong>Paloma Rom\u00e1n<\/strong>, doctora en Ciencias Pol\u00edticas de la Universidad Complutense de Madrid, explic\u00f3 que de esta manera vuelve a &#8220;<strong>poner el foco donde \u00e9l quiere<\/strong>&#8220;.<\/p>\n<p>Otro de los escenarios tiene que ver con el Parlamento. Los analistas creen que una de sus opciones es decidir someterse a una cuesti\u00f3n de <strong>confianza en el Parlamento,<\/strong> para demostrar a Espa\u00f1a que \u00e9l y su gobierno en minor\u00eda siguen contando con el apoyo de la mayor\u00eda en el Congreso de los Diputados.<\/p>\n<p><strong>Carles Puigdemont<\/strong>, el independentista catal\u00e1n y aliado impredecible del gobierno, inst\u00f3 a S\u00e1nchez a someterse a dicho examen parlamentario, una opci\u00f3n poco arriesgada ya que para superarlo necesita solo una mayor\u00eda simple de los diputados. Incluso, la mayor parte de sus aliados en el Congreso ya han manifestado su apoyo.<\/p>\n<h2>Espa\u00f1a: la posible renuncia de Pedro S\u00e1nchez<\/h2>\n<p>Seg\u00fan los expertos, la posibilidad de que Pedro S\u00e1nchez renuncie a la presidencia <strong>no debe descartarse<\/strong>. <strong>Antonio Barroso,<\/strong> analista del gabinete de ideas Teneo, estim\u00f3 que &#8220;los asesores m\u00e1s cercanos a S\u00e1nchez y la direcci\u00f3n del Partido Socialista dedicar\u00e1n los pr\u00f3ximos d\u00edas a <strong>convencerlo de que se quede<\/strong>&#8220;, pero que su decisi\u00f3n es &#8220;particularmente dif\u00edcil de predecir&#8221;.<\/p>\n<p>De todas formas, con una renuncia de S\u00e1nchez -que se encuentra en el poder desde 2018- los socialistas podr\u00edan proponer a otras persona para ser investida como presidente del gobierno por el Congreso. El nombre que m\u00e1s suena es el de <strong>Mar\u00eda Jes\u00fas Montero<\/strong>, ministra de Hacienda y antigua portavoz del ejecutivo.<\/p>\n<p>Sin embargo, a ella le ser\u00eda dif\u00edcil &#8220;armar una mayor\u00eda&#8221;, seg\u00fan Barroso, quien tambi\u00e9n sostiene que S\u00e1nchez podr\u00eda dimitir y convocar <strong>elecciones anticipadas<\/strong>, a las que volver\u00eda a presentarse. De todas formas, para hacer esto deber\u00eda esperar hasta finales de mayo, ya que la Constituci\u00f3n<strong>impone un plazo de un a\u00f1o entre dos convocatorias<\/strong> para las legislativas y las \u00faltimas.<\/p>\n<\/article>\n<\/article>\n","protected":false},"excerpt":{"rendered":"<p>El presidente de Espa\u00f1a, Pedro S\u00e1nchez comunic\u00f3 en sus redes sociales que se tomar\u00eda unos d\u00edas para &#8220;reflexionar&#8221; sobre si debe continuar en su cargo o si debe renunciar. El mensaje se dio tras el esc\u00e1ndalo que desat\u00f3 la denuncia contra su esposa por delito de tr\u00e1fico de influencias y corrupci\u00f3n. Lo cierto, es que [&hellip;]<\/p>\n","protected":false},"author":2,"featured_media":339,"comment_status":"open","ping_status":"open","sticky":false,"template":"","format":"standard","meta":{"footnotes":""},"categories":[24],"tags":[],"class_list":{"0":"post-338","1":"post","2":"type-post","3":"status-publish","4":"format-standard","5":"has-post-thumbnail","7":"category-mundo"},"aioseo_notices":[],"_links":{"self":[{"href":"https:\/\/elfaroonline.com.ar\/index.php\/wp-json\/wp\/v2\/posts\/338","targetHints":{"allow":["GET"]}}],"collection":[{"href":"https:\/\/elfaroonline.com.ar\/index.php\/wp-json\/wp\/v2\/posts"}],"about":[{"href":"https:\/\/elfaroonline.com.ar\/index.php\/wp-json\/wp\/v2\/types\/post"}],"author":[{"embeddable":true,"href":"https:\/\/elfaroonline.com.ar\/index.php\/wp-json\/wp\/v2\/users\/2"}],"replies":[{"embeddable":true,"href":"https:\/\/elfaroonline.com.ar\/index.php\/wp-json\/wp\/v2\/comments?post=338"}],"version-history":[{"count":1,"href":"https:\/\/elfaroonline.com.ar\/index.php\/wp-json\/wp\/v2\/posts\/338\/revisions"}],"predecessor-version":[{"id":340,"href":"https:\/\/elfaroonline.com.ar\/index.php\/wp-json\/wp\/v2\/posts\/338\/revisions\/340"}],"wp:featuredmedia":[{"embeddable":true,"href":"https:\/\/elfaroonline.com.ar\/index.php\/wp-json\/wp\/v2\/media\/339"}],"wp:attachment":[{"href":"https:\/\/elfaroonline.com.ar\/index.php\/wp-json\/wp\/v2\/media?parent=338"}],"wp:term":[{"taxonomy":"category","embeddable":true,"href":"https:\/\/elfaroonline.com.ar\/index.php\/wp-json\/wp\/v2\/categories?post=338"},{"taxonomy":"post_tag","embeddable":true,"href":"https:\/\/elfaroonline.com.ar\/index.php\/wp-json\/wp\/v2\/tags?post=338"}],"curies":[{"name":"wp","href":"https:\/\/api.w.org\/{rel}","templated":true}]}}