{"id":3383,"date":"2025-03-07T07:55:35","date_gmt":"2025-03-07T10:55:35","guid":{"rendered":"https:\/\/elfaroonline.com.ar\/?p=3383"},"modified":"2025-03-07T07:55:35","modified_gmt":"2025-03-07T10:55:35","slug":"nahir-galarza-dijo-que-no-apelara-la-condena-a-perpetua-y-le-envio-un-mensaje-a-los-padres-de-fernando-pastorizzo","status":"publish","type":"post","link":"https:\/\/elfaroonline.com.ar\/index.php\/2025\/03\/07\/nahir-galarza-dijo-que-no-apelara-la-condena-a-perpetua-y-le-envio-un-mensaje-a-los-padres-de-fernando-pastorizzo\/","title":{"rendered":"Nahir Galarza dijo que no apelar\u00e1 la condena a perpetua y le envi\u00f3 un mensaje a los padres de Fernando Pastorizzo"},"content":{"rendered":"<p>Luego de que la Corte Suprema dejara firme la condena en contra de la joven que asesin\u00f3 a su novio de dos disparos, Galarza pidi\u00f3 una oportunidad de ser escuchada. \u201cNunca tuve el beneficio de la duda\u201d, plante\u00f3.<\/p>\n<p class=\"paragraph\" data-mrf-recirculation=\"Links inline\"><b>\u201cNadie me dio una oportunidad\u201d<\/b>, reclam\u00f3 una Nahir, de ahora 26 a\u00f1os, que asegur\u00f3 haber cambiado totalmente a lo largo de estos a\u00f1os. Luego de haber realizado un trabajo a nivel psicol\u00f3gico y emocional, plante\u00f3 que ten\u00eda \u201cla mente m\u00e1s clara\u201d y que hab\u00eda conseguido procesar todos los hechos que vivi\u00f3 en su vida. \u201cFue un cambio muy grande en mi forma de ser. Ten\u00eda muchas cosas reprimidas y hoy soy totalmente lo contrario\u201d, afirm\u00f3.<\/p>\n<div class=\"inline ad-wrapper\">\n<div class=\"dfpAd ad-inline\"><\/div>\n<\/div>\n<p class=\"paragraph\" data-mrf-recirculation=\"Links inline\">Al reconocer que le cost\u00f3 entender la gravedad de los hechos que afrontaba a tan corta edad, la \u00fanica imputada y condenada por la muerte de Fernando denunci\u00f3 haber sido v\u00edctima de la condena social y de mala praxis judicial. <b>\u201cNunca tuve el beneficio de la duda. Siempre fui la asesina que mat\u00f3 a su novio porque la quiso dejar\u201d<\/b>, apunt\u00f3.<\/p>\n<p data-mrf-recirculation=\"Links inline\">Luego de despegarse la imagen que consider\u00f3 que los medios construyeron de ella durante todo el proceso judicial, Galarza confirm\u00f3 que no apelar\u00e1 la cadena perpetua. \u201cLo que si puedo llegar a hacer en un momento es pedir la revisi\u00f3n de la condena\u201d, anticip\u00f3 al explicar que la decisi\u00f3n fue fundamentada por esa falta de escucha que sinti\u00f3 por parte de las autoridades.<\/p>\n<p data-mrf-recirculation=\"Links inline\"><b>\u201cMe gustar\u00eda que la Justicia sea justa conmigo tambi\u00e9n. Yo, a pesar de estar ac\u00e1, no pierdo derechos como persona\u201d<\/b>, sentenci\u00f3 la joven durante una entrevista para <i>Canal 9 Litoral, <\/i>en donde marc\u00f3 la presunta diferencia que habr\u00edan tenido con ella respecto de las condenas que deber\u00e1n afrontar otras reclusas del penal en el que se encuentra detenida.<\/p>\n<p class=\"paragraph\" data-mrf-recirculation=\"Links inline\">En l\u00ednea con esto, se\u00f1al\u00f3: \u201cHay chicas que tambi\u00e9n est\u00e1n condenadas por homicidio agravado por el v\u00ednculo a 14 o 15 a\u00f1os\u201d, y reclam\u00f3: \u201cDe ellas, creo que ninguno conoce el nombre, y \u00bfpor qu\u00e9 a m\u00ed s\u00ed, si mi causa es igual o parecida a otras causas?<i>\u201c. <\/i>Al mismo tiempo que admiti\u00f3 que <b>\u201ca esta altura ya me da igual que me crean o no\u201d<\/b>, Nahir expuso que nadie la escuch\u00f3, ni tuvo en cuenta las pruebas que habr\u00eda presentado sobre los hechos de violencia de g\u00e9nero que habr\u00eda sufrido a manos de Fernando.<\/p>\n<p class=\"paragraph\" data-mrf-recirculation=\"Links inline\">\u201cDec\u00edan que yo ment\u00eda e inventaba cosas en contra de Fernando, pero la realidad es que hay pruebas\u201d, sentenci\u00f3 al contar que el d\u00eda que fue a hacer la testimonial present\u00f3 una carta en la que la v\u00edctima le habr\u00eda pedido \u201cdisculpas por todo lo que me hab\u00eda hecho\u201d. Asimismo, remarc\u00f3 que hab\u00eda \u201cmiles de llamadas\u201d y mensajes que habr\u00edan probado que el joven la habr\u00eda insultado y maltratado en varias ocasiones.<\/p>\n<p class=\"paragraph\" data-mrf-recirculation=\"Links inline\">A pesar de esto, la joven admiti\u00f3 que ella y sus padres intentaron ponerse en contacto con los padres de la v\u00edctima, sin embargo, esto nunca ocurri\u00f3 por negativa de la otra parte. <b>\u201cSi tuviera la oportunidad, pedirles perd\u00f3n desde lo m\u00e1s sincero de mi coraz\u00f3n\u201d<\/b>, manifest\u00f3 al destacar comprend\u00eda la situaci\u00f3n que tuvieron que atravesar. \u201cNo s\u00e9 si ellos se habr\u00e1n puesto en mi lugar, pero al menos si lo hice y esto me deja tranquila\u201d, plante\u00f3.<\/p>\n<p class=\"paragraph\" data-mrf-recirculation=\"Links inline\">Otra de las cr\u00edticas que Galarza realiz\u00f3 al proceso de investigaci\u00f3n estuvo centrado en el peritaje de su celular, despu\u00e9s de que mencionara que la perito que hab\u00eda inspeccionado su dispositivo, en realidad, se trataba de una licenciada en Bromatolog\u00eda que denunci\u00f3 haber sido obligada a cumplir tareas para las que no estaba preparada.<\/p>\n<p class=\"paragraph\" data-mrf-recirculation=\"Links inline\"><b>\u201cElla gana el juicio al Estado, que prueba m\u00e1s contundente que ella misma diciendo que falsific\u00f3 todo y que no estaba apta y que la obligaron a hacer esas cosas\u201d<\/b>, destac\u00f3 al se\u00f1alar que lo \u00fanico que hab\u00eda hecho era \u201ccopiar y pegar las conversaciones que ten\u00eda con Fernando\u201d. Incluso, denunci\u00f3 la falta de protecci\u00f3n que habr\u00eda tenido el celular, ya que se supon\u00eda que deber\u00eda haber sido guardado en una caja con acceso exclusivo al perito, pero que la mujer asegur\u00f3 que este se encontraba siempre sobre la mesa de una oficina.<\/p>\n<p class=\"paragraph\" data-mrf-recirculation=\"Links inline\">\u201cLo usaba cualquiera que pudiera entrar a la oficina\u201d, apunt\u00f3 al mencionar como ejemplo el presunto mensaje que hab\u00eda publicado por la muerte de Fernando. \u201cMe quisieron culpar a m\u00ed y a m\u00ed me hab\u00edan secuestrado el celular a las 8 de la ma\u00f1ana\u201d, record\u00f3.<\/p>\n<p class=\"paragraph\" data-mrf-recirculation=\"Links inline\">No obstante, no se habr\u00eda tratado de la \u00fanica situaci\u00f3n en la que Galarza asegur\u00f3 que hab\u00eda perdido su derecho a la privacidad al denunciar que un funcionario judicial habr\u00eda sido el responsable de filtrar un video \u00edntimo que hab\u00eda grabado cuando ten\u00eda 16 a\u00f1os. \u201cNo s\u00e9 qui\u00e9n fue la persona que lo difundi\u00f3, pero s\u00ed te puedo decir que fue alguien de la Justicia\u201d, indic\u00f3.<\/p>\n<p class=\"paragraph\" data-mrf-recirculation=\"Links inline\">\u201cA nadie le importaba que en ese video yo tuviera 16 a\u00f1os, a nadie le importaba que se estaba corrompiendo mi intimidad\u201c, reclam\u00f3 al marcar que algo similar sucedi\u00f3 con los videos de una C\u00e1mara Gesell que le realizaron a la misma edad. \u201dSe supone que son privados, que la Justicia lo tiene que proteger, me parece que estuvo mal por parte de la Justicia en difundirlos\u201c, afirm\u00f3.<\/p>\n<p class=\"paragraph\" data-mrf-recirculation=\"Links inline\">Por otro lado, reiter\u00f3 su pedido de que la Justicia sea justa con ella al se\u00f1alar: \u201cNo pido nada fuera de lo com\u00fan, simplemente que se me d\u00e9 el mismo derecho que a los dem\u00e1s condenados\u201d, para despu\u00e9s plantear: \u201cMe dieron una prisi\u00f3n perpetua que ni siquiera me da derecho a resocializarme\u201d.<\/p>\n<p class=\"paragraph\" data-mrf-recirculation=\"Links inline\">\u201cNo es que yo quiero minorizar el hecho, sino aclarar que yo tambi\u00e9n tengo derechos como persona, como detenida\u201d, subray\u00f3 Galarza al considerar que la condena que recibi\u00f3 le quitaba la posibilidad de tener una segunda oportunidad. \u201cMe dieron 35 a\u00f1os y no sirve el cambio o el progreso que yo pueda hacer ac\u00e1 dentro, porque no sirve para nada\u201d, concluy\u00f3.<\/p>\n","protected":false},"excerpt":{"rendered":"<p>Luego de que la Corte Suprema dejara firme la condena en contra de la joven que asesin\u00f3 a su novio de dos disparos, Galarza pidi\u00f3 una oportunidad de ser escuchada. \u201cNunca tuve el beneficio de la duda\u201d, plante\u00f3. \u201cNadie me dio una oportunidad\u201d, reclam\u00f3 una Nahir, de ahora 26 a\u00f1os, que asegur\u00f3 haber cambiado totalmente [&hellip;]<\/p>\n","protected":false},"author":2,"featured_media":3384,"comment_status":"open","ping_status":"open","sticky":false,"template":"","format":"standard","meta":{"footnotes":""},"categories":[22,27],"tags":[],"class_list":{"0":"post-3383","1":"post","2":"type-post","3":"status-publish","4":"format-standard","5":"has-post-thumbnail","7":"category-nacionales","8":"category-policiales"},"aioseo_notices":[],"_links":{"self":[{"href":"https:\/\/elfaroonline.com.ar\/index.php\/wp-json\/wp\/v2\/posts\/3383","targetHints":{"allow":["GET"]}}],"collection":[{"href":"https:\/\/elfaroonline.com.ar\/index.php\/wp-json\/wp\/v2\/posts"}],"about":[{"href":"https:\/\/elfaroonline.com.ar\/index.php\/wp-json\/wp\/v2\/types\/post"}],"author":[{"embeddable":true,"href":"https:\/\/elfaroonline.com.ar\/index.php\/wp-json\/wp\/v2\/users\/2"}],"replies":[{"embeddable":true,"href":"https:\/\/elfaroonline.com.ar\/index.php\/wp-json\/wp\/v2\/comments?post=3383"}],"version-history":[{"count":1,"href":"https:\/\/elfaroonline.com.ar\/index.php\/wp-json\/wp\/v2\/posts\/3383\/revisions"}],"predecessor-version":[{"id":3385,"href":"https:\/\/elfaroonline.com.ar\/index.php\/wp-json\/wp\/v2\/posts\/3383\/revisions\/3385"}],"wp:featuredmedia":[{"embeddable":true,"href":"https:\/\/elfaroonline.com.ar\/index.php\/wp-json\/wp\/v2\/media\/3384"}],"wp:attachment":[{"href":"https:\/\/elfaroonline.com.ar\/index.php\/wp-json\/wp\/v2\/media?parent=3383"}],"wp:term":[{"taxonomy":"category","embeddable":true,"href":"https:\/\/elfaroonline.com.ar\/index.php\/wp-json\/wp\/v2\/categories?post=3383"},{"taxonomy":"post_tag","embeddable":true,"href":"https:\/\/elfaroonline.com.ar\/index.php\/wp-json\/wp\/v2\/tags?post=3383"}],"curies":[{"name":"wp","href":"https:\/\/api.w.org\/{rel}","templated":true}]}}