{"id":3389,"date":"2025-03-07T08:05:21","date_gmt":"2025-03-07T11:05:21","guid":{"rendered":"https:\/\/elfaroonline.com.ar\/?p=3389"},"modified":"2025-03-07T08:05:21","modified_gmt":"2025-03-07T11:05:21","slug":"historica-sancion-en-francia-el-dt-del-lyon-no-podra-entrar-a-las-canchas-por-9-meses-tras-discutir-con-un-arbitro","status":"publish","type":"post","link":"https:\/\/elfaroonline.com.ar\/index.php\/2025\/03\/07\/historica-sancion-en-francia-el-dt-del-lyon-no-podra-entrar-a-las-canchas-por-9-meses-tras-discutir-con-un-arbitro\/","title":{"rendered":"Hist\u00f3rica sanci\u00f3n en Francia: el DT del Lyon no podr\u00e1 entrar a las canchas por 9 meses tras discutir con un \u00e1rbitro"},"content":{"rendered":"<p>El entrenador del Olympique de Lyon, <b>Paulo Fonseca, ha sido suspendido por nueve meses del \u00e1rea t\u00e9cnica tras un incidente con el \u00e1rbitro Beno\u00eet Millot durante un partido de la Ligue 1 contra el Brest.<\/b> La sanci\u00f3n, impuesta por la Liga de F\u00fatbol Profesional (LFP) de Francia, le proh\u00edbe sentarse en el banco de suplentes, acceder al vestuario y ejercer funciones oficiales en los encuentros nacionales hasta el 30 de noviembre de 2025. Adem\u00e1s, <b>hasta el 15 de septiembre, tampoco podr\u00e1 ingresar al vestuario de sus jugadores ni a otras \u00e1reas del estadio.<\/b><\/p>\n<p>El episodio ocurri\u00f3 el pasado domingo 2 de marzo de 2025, cuando Lyon venc\u00eda 2-1 a Brest. En el tiempo a\u00f1adido, Fonseca protest\u00f3 vehementemente por un posible penal para el rival. Tras recibir una tarjeta amarilla, el entrenador portugu\u00e9s se acerc\u00f3 de manera agresiva al \u00e1rbitro Millot y, en un gesto interpretado como una amenaza de cabezazo, tuvo que ser apartado por sus jugadores. Este comportamiento llev\u00f3 a la LFP a tomar una de las decisiones disciplinarias m\u00e1s severas en la historia del f\u00fatbol franc\u00e9s.<\/p>\n<p>El propietario del Lyon, el estadounidense John Textor, sali\u00f3 en defensa de su entrenador y calific\u00f3 la sanci\u00f3n como \u201cdemasiado severa\u201d. A trav\u00e9s de sus redes sociales, Textor afirm\u00f3: \u201cCometiste un error. <b>Tu disculpa fue sincera y tu castigo es claramente excesivo. Eres el hombre adecuado para el OL y perseveraremos<\/b>\u201d. Por su parte, el club emiti\u00f3 un comunicado en el que lament\u00f3 que la decisi\u00f3n se haya basado en el contexto general del arbitraje en Francia y no solo en las acciones de su entrenador.<\/p>\n<p class=\"paragraph\" data-mrf-recirculation=\"Links inline\">El caso de Fonseca no es el \u00fanico que ha generado pol\u00e9mica recientemente en el f\u00fatbol franc\u00e9s. La semana pasada, el presidente del Olympique de Marsella, Pablo Longoria, recibi\u00f3 una suspensi\u00f3n de 15 partidos tras acusar a los \u00e1rbitros franceses de \u201cverdadera corrupci\u00f3n\u201d. Estos episodios han reavivado el debate sobre la calidad del arbitraje en la Ligue 1 y la relaci\u00f3n entre entrenadores, directivos y los jueces de los partidos.<\/p>\n<p class=\"paragraph\" data-mrf-recirculation=\"Links inline\">A nivel deportivo, la sanci\u00f3n representa un duro golpe para el <b>Lyon, que deber\u00e1 afrontar el resto de la temporada sin su t\u00e9cnico en el banquillo.<\/b> El equipo se encuentra en zona de clasificaci\u00f3n a competiciones europeas y ahora se abre la inc\u00f3gnita sobre qui\u00e9n dirigir\u00e1 al plantel en lo que resta del torneo. Se especula con la posibilidad de que el club contrate a un nuevo entrenador interino o incluso que busque la rescisi\u00f3n del contrato de Fonseca de manera anticipada.<\/p>\n<p class=\"paragraph\" data-mrf-recirculation=\"Links inline\">Por el momento, <b>la sanci\u00f3n solo se aplica en el \u00e1mbito nacional, lo que permite a Fonseca dirigir al Lyon en competiciones internacionales organizadas por la UEFA.<\/b> El equipo enfrentar\u00e1 al FCSB de Rumania en los octavos de final de la Europa League, un torneo donde buscar\u00e1 continuar su camino sin la presencia de su entrenador en los encuentros dom\u00e9sticos.<\/p>\n<p class=\"paragraph\" data-mrf-recirculation=\"Links inline\">Este castigo podr\u00eda sentar un precedente a nivel global. La Federaci\u00f3n Francesa de F\u00fatbol (FFF) podr\u00eda solicitar a la FIFA extender la suspensi\u00f3n a nivel internacional, lo que impedir\u00eda que Fonseca dirija en cualquier pa\u00eds mientras dure la sanci\u00f3n. De concretarse, el entrenador portugu\u00e9s quedar\u00eda inhabilitado de manera total hasta finales de noviembre.<\/p>\n<div class=\"headline-wrapper\">\n<h3 class=\"header headline-class-h3\">La sanci\u00f3n contra Paulo Fonseca:<\/h3>\n<\/div>\n<p class=\"paragraph\" data-mrf-recirculation=\"Links inline\"><i>Jornada 24 de la Ligue 1 McDonald\u2019s: Olympique Lyonnais \u2013 Stade Brestois 29 del domingo 2 de marzo de 2025<\/i><\/p>\n<p class=\"paragraph\" data-mrf-recirculation=\"Links inline\"><i>Comportamiento del Sr. Paulo FONSECA, entrenador del Olympique Lyonnais.<\/i><\/p>\n<p class=\"paragraph\" data-mrf-recirculation=\"Links inline\"><i>Suspensi\u00f3n firme antes, durante y despu\u00e9s del partido del acceso al banquillo, al vestuario de los \u00e1rbitros y a todas las funciones oficiales, hasta el 30 de noviembre de 2025 inclusive.<\/i><\/p>\n<p class=\"paragraph\" data-mrf-recirculation=\"Links inline\"><i>Adem\u00e1s, hasta el 15 de septiembre de 2025 inclusive, esta suspensi\u00f3n ir\u00e1 acompa\u00f1ada antes, durante y despu\u00e9s del partido de la prohibici\u00f3n de acceder a los vestuarios de los jugadores, al terreno de juego, al t\u00fanel de f\u00fatbol y a todos los pasillos que conducen a las zonas mencionadas.<\/i><\/p>\n<p class=\"paragraph\" data-mrf-recirculation=\"Links inline\"><i>La sanci\u00f3n entra en vigor inmediatamente.<\/i><\/p>\n","protected":false},"excerpt":{"rendered":"<p>El entrenador del Olympique de Lyon, Paulo Fonseca, ha sido suspendido por nueve meses del \u00e1rea t\u00e9cnica tras un incidente con el \u00e1rbitro Beno\u00eet Millot durante un partido de la Ligue 1 contra el Brest. La sanci\u00f3n, impuesta por la Liga de F\u00fatbol Profesional (LFP) de Francia, le proh\u00edbe sentarse en el banco de suplentes, [&hellip;]<\/p>\n","protected":false},"author":2,"featured_media":3390,"comment_status":"open","ping_status":"open","sticky":false,"template":"","format":"standard","meta":{"footnotes":""},"categories":[25],"tags":[],"class_list":{"0":"post-3389","1":"post","2":"type-post","3":"status-publish","4":"format-standard","5":"has-post-thumbnail","7":"category-deportes"},"aioseo_notices":[],"_links":{"self":[{"href":"https:\/\/elfaroonline.com.ar\/index.php\/wp-json\/wp\/v2\/posts\/3389","targetHints":{"allow":["GET"]}}],"collection":[{"href":"https:\/\/elfaroonline.com.ar\/index.php\/wp-json\/wp\/v2\/posts"}],"about":[{"href":"https:\/\/elfaroonline.com.ar\/index.php\/wp-json\/wp\/v2\/types\/post"}],"author":[{"embeddable":true,"href":"https:\/\/elfaroonline.com.ar\/index.php\/wp-json\/wp\/v2\/users\/2"}],"replies":[{"embeddable":true,"href":"https:\/\/elfaroonline.com.ar\/index.php\/wp-json\/wp\/v2\/comments?post=3389"}],"version-history":[{"count":1,"href":"https:\/\/elfaroonline.com.ar\/index.php\/wp-json\/wp\/v2\/posts\/3389\/revisions"}],"predecessor-version":[{"id":3391,"href":"https:\/\/elfaroonline.com.ar\/index.php\/wp-json\/wp\/v2\/posts\/3389\/revisions\/3391"}],"wp:featuredmedia":[{"embeddable":true,"href":"https:\/\/elfaroonline.com.ar\/index.php\/wp-json\/wp\/v2\/media\/3390"}],"wp:attachment":[{"href":"https:\/\/elfaroonline.com.ar\/index.php\/wp-json\/wp\/v2\/media?parent=3389"}],"wp:term":[{"taxonomy":"category","embeddable":true,"href":"https:\/\/elfaroonline.com.ar\/index.php\/wp-json\/wp\/v2\/categories?post=3389"},{"taxonomy":"post_tag","embeddable":true,"href":"https:\/\/elfaroonline.com.ar\/index.php\/wp-json\/wp\/v2\/tags?post=3389"}],"curies":[{"name":"wp","href":"https:\/\/api.w.org\/{rel}","templated":true}]}}