{"id":3393,"date":"2025-03-10T08:12:04","date_gmt":"2025-03-10T11:12:04","guid":{"rendered":"https:\/\/elfaroonline.com.ar\/?p=3393"},"modified":"2025-03-10T08:12:04","modified_gmt":"2025-03-10T11:12:04","slug":"interceptaron-estupefacientes-en-la-rioja-y-catamarca","status":"publish","type":"post","link":"https:\/\/elfaroonline.com.ar\/index.php\/2025\/03\/10\/interceptaron-estupefacientes-en-la-rioja-y-catamarca\/","title":{"rendered":"Interceptaron estupefacientes en La Rioja y Catamarca"},"content":{"rendered":"<p class=\"v1MsoNormal\"><i>Los gendarmes detuvieron un veh\u00edculo procedente de Or\u00e1n (Salta) con destino la ciudad de La Rioja, durante el control incautaron m\u00e1s de 1 kilo de coca\u00edna. Hay dos personas detenidas.<\/i><\/p>\n<p class=\"v1MsoNormal\"><i>En un segundo procedimiento, otros dos ciudadanos fueron aprehendidos al momento de transportar 1 kilo 52 gramos de marihuana, 38 gramos de coca\u00edna, un arma y municiones.<\/i><\/p>\n<p class=\"v1MsoNormal\"><i>\u00a0<\/i><\/p>\n<p class=\"v1MsoNormal\"><span lang=\"ES\">Ayer, como resultado de un seguimiento controlado, personal de la <b>Unidad de Investigaciones de Delitos Complejos y Procedimiento Judiciales &#8220;La Rioja<\/b>&#8220;, en conjunto con efectivos del <b>Escuadr\u00f3n 58 &#8220;La Rioja&#8221;<\/b> e intervenci\u00f3n del <b>Escuadr\u00f3n de Operaciones Antidrogas<\/b>, detuvieron la marcha de un autom\u00f3vil en el que se trasladaban dos mayores de edad junto a dos menores.<\/span><\/p>\n<p class=\"v1MsoNormal\"><span lang=\"ES\">\u00a0<\/span><\/p>\n<p class=\"v1MsoNormal\"><span lang=\"ES\">Con el apoyo del can detector de narc\u00f3ticos &#8220;Camelia&#8221; y debido a la reacci\u00f3n como lo hace habitualmente ante la presencia de sustancias il\u00edcitas, se inspeccion\u00f3 el veh\u00edculo. Debido a las inclemencias clim\u00e1ticas del lugar, se procedi\u00f3 a trasladar el rodado hasta la Unidad de la Fuerza a fin de intensificar la requisa.<\/span><\/p>\n<p class=\"v1MsoNormal\"><span lang=\"ES\">\u00a0<\/span><\/p>\n<p class=\"v1MsoNormal\"><span lang=\"ES\">Con la presencia de testigos, <b>se decomis\u00f3 1 kilo 72 gramos de coca\u00edna que estaban entre las pertenencias de la ciudadana involucrada que viajaba en el autom\u00f3vil junto al conductor.<\/b><\/span><\/p>\n<p class=\"v1MsoNormal\"><span lang=\"ES\">\u00a0<\/span><\/p>\n<p class=\"v1MsoNormal\"><span lang=\"ES\">Por disposici\u00f3n del Juzgado Federal de Primera Instancia de La Rioja, los dos ciudadanos quedaron detenidos y el estupefaciente secuestrado.<\/span><\/p>\n<p class=\"v1MsoNormal\"><span lang=\"ES\">\u00a0<\/span><\/p>\n<p class=\"v1MsoNormal\"><span lang=\"ES\">En cuanto al operativo llevado a cabo en la provincia de Catamarca, tras el alerta de agentes de la Polic\u00eda provincial, gendarmes del <b>Escuadr\u00f3n 23 &#8220;Tinogasta&#8221;<\/b>controlaron un veh\u00edculo ocupado por dos hombres y que circulaban por la Ruta Nacional N\u00b0 60.<\/span><\/p>\n<p class=\"v1MsoNormal\"><span lang=\"ES\">\u00a0<\/span><\/p>\n<p class=\"v1MsoNormal\"><span lang=\"ES\">A la altura del kil\u00f3metro 1.255, Cerro Negro, con la intervenci\u00f3n del binomio cinot\u00e9cnico el can &#8220;Orion&#8221;, se constat\u00f3 que en el sector del ba\u00fal hab\u00eda d<b>os paquetes con sustancias. Adem\u00e1s, debajo del asiento del conductor hab\u00eda un arma calibre 9 MM con un cargador colocado<\/b>. <\/span><\/p>\n<p class=\"v1MsoNormal\"><span lang=\"ES\">\u00a0<\/span><\/p>\n<p class=\"v1MsoNormal\"><span lang=\"ES\">Personal del <b>Grupo de Criminal\u00edstica y Estudios Forenses del Escuadr\u00f3n 23<\/b>, procedi\u00f3 a realizar las pruebas de orientaci\u00f3n de campo que arrojaron como resultado <b>positivo para 1 kilo 52 gramos de cannabis sativa y 38 gramos de coca\u00edna<\/b>. <\/span><\/p>\n<p class=\"v1MsoNormal\"><span lang=\"ES\">\u00a0<\/span><\/p>\n<p class=\"v1MsoNormal\">\n<p class=\"v1MsoNormal\"><span lang=\"ES\">El Juzgado Federal de Catamarca orient\u00f3 se proceda a detener a los dos ocupantes, se incaute la totalidad del estupefaciente hallado, el arma y municiones, tel\u00e9fonos celulares y dem\u00e1s elementos de inter\u00e9s a la causa.<\/span><\/p>\n","protected":false},"excerpt":{"rendered":"<p>Los gendarmes detuvieron un veh\u00edculo procedente de Or\u00e1n (Salta) con destino la ciudad de La Rioja, durante el control incautaron m\u00e1s de 1 kilo de coca\u00edna. Hay dos personas detenidas. En un segundo procedimiento, otros dos ciudadanos fueron aprehendidos al momento de transportar 1 kilo 52 gramos de marihuana, 38 gramos de coca\u00edna, un arma [&hellip;]<\/p>\n","protected":false},"author":2,"featured_media":3394,"comment_status":"open","ping_status":"open","sticky":false,"template":"","format":"standard","meta":{"footnotes":""},"categories":[27],"tags":[],"class_list":{"0":"post-3393","1":"post","2":"type-post","3":"status-publish","4":"format-standard","5":"has-post-thumbnail","7":"category-policiales"},"aioseo_notices":[],"_links":{"self":[{"href":"https:\/\/elfaroonline.com.ar\/index.php\/wp-json\/wp\/v2\/posts\/3393","targetHints":{"allow":["GET"]}}],"collection":[{"href":"https:\/\/elfaroonline.com.ar\/index.php\/wp-json\/wp\/v2\/posts"}],"about":[{"href":"https:\/\/elfaroonline.com.ar\/index.php\/wp-json\/wp\/v2\/types\/post"}],"author":[{"embeddable":true,"href":"https:\/\/elfaroonline.com.ar\/index.php\/wp-json\/wp\/v2\/users\/2"}],"replies":[{"embeddable":true,"href":"https:\/\/elfaroonline.com.ar\/index.php\/wp-json\/wp\/v2\/comments?post=3393"}],"version-history":[{"count":1,"href":"https:\/\/elfaroonline.com.ar\/index.php\/wp-json\/wp\/v2\/posts\/3393\/revisions"}],"predecessor-version":[{"id":3395,"href":"https:\/\/elfaroonline.com.ar\/index.php\/wp-json\/wp\/v2\/posts\/3393\/revisions\/3395"}],"wp:featuredmedia":[{"embeddable":true,"href":"https:\/\/elfaroonline.com.ar\/index.php\/wp-json\/wp\/v2\/media\/3394"}],"wp:attachment":[{"href":"https:\/\/elfaroonline.com.ar\/index.php\/wp-json\/wp\/v2\/media?parent=3393"}],"wp:term":[{"taxonomy":"category","embeddable":true,"href":"https:\/\/elfaroonline.com.ar\/index.php\/wp-json\/wp\/v2\/categories?post=3393"},{"taxonomy":"post_tag","embeddable":true,"href":"https:\/\/elfaroonline.com.ar\/index.php\/wp-json\/wp\/v2\/tags?post=3393"}],"curies":[{"name":"wp","href":"https:\/\/api.w.org\/{rel}","templated":true}]}}