{"id":3396,"date":"2025-03-10T08:15:03","date_gmt":"2025-03-10T11:15:03","guid":{"rendered":"https:\/\/elfaroonline.com.ar\/?p=3396"},"modified":"2025-03-10T08:15:03","modified_gmt":"2025-03-10T11:15:03","slug":"fiambala-provincia-y-municipio-coordinan-obras-hidricas-para-maximizar-el-servicio","status":"publish","type":"post","link":"https:\/\/elfaroonline.com.ar\/index.php\/2025\/03\/10\/fiambala-provincia-y-municipio-coordinan-obras-hidricas-para-maximizar-el-servicio\/","title":{"rendered":"Fiambal\u00e1: Provincia y municipio coordinan obras h\u00eddricas para maximizar el servicio"},"content":{"rendered":"<p class=\"v1MsoNormal\">El gobernador Ra\u00fal Jalil y el intendente de Fiambal\u00e1, Ra\u00fal \u00dasqueda, mantuvieron una reuni\u00f3n en Casa de Gobierno con el objeto de analizar las diferentes obras h\u00eddricas que se est\u00e1n culminando en la jurisdicci\u00f3n, como as\u00ed tambi\u00e9n proyectar las diversas intervenciones que se prev\u00e9n ejecutar en el transcurso del a\u00f1o.<\/p>\n<p class=\"v1MsoNormal\">Con la participaci\u00f3n de autoridades del Ministerio del Agua, Energ\u00eda y Medio Ambiente, encabezadas por el ministro Eduardo Niederle, el di\u00e1logo gir\u00f3 en definir todas aquellas acciones tendientes a brindar soluciones y agilizar los trabajos para que la comunidad ubicada al norte de Tinogasta optimice el actual servicio de agua potable.<\/p>\n<p class=\"v1MsoNormal\">En la tem\u00e1tica tratada se hizo referencia a la obra del Azud de Punta del Agua (que ya est\u00e1 concluida) y el proyecto de nuevas derivaciones para riego y la planta potabilizadora; el acueducto de Palo Blanco, obra que se encuentra en su etapa final, y en la cual se trabaja actualmente en su regulaci\u00f3n y desarrollo de ampliaci\u00f3n. Tambi\u00e9n, desde el ministerio se inform\u00f3 que en la Toma de Palo Blanco se trabajar\u00e1 en el cerramiento perimetral y se realizar\u00e1n los an\u00e1lisis de calidad de agua correspondientes.<\/p>\n<p class=\"v1MsoNormal\">En la reuni\u00f3n se acord\u00f3 el trabajo conjunto entre el Ministerio de Agua, Energ\u00eda y Medio Ambiente, el municipio y Vialidad Provincial para la realizaci\u00f3n de los tramos de ca\u00f1er\u00edas de agua y la pavimentaci\u00f3n de aproximadamente 2.300 mts en zonas ubicadas en la localidad de Fiambal\u00e1.<\/p>\n<p class=\"v1MsoNormal\">Por \u00faltimo, se abord\u00f3 la refuncionalizaci\u00f3n y puesta en marcha del pozo de agua ubicado en la Bodega 12 Pueblos, anteriormente llamada La Ind\u00f3mita, ubicada en Medanitos, trabajo que se realizar\u00e1 en los pr\u00f3ximos d\u00edas.<\/p>\n<p class=\"v1MsoNormal\">Tambi\u00e9n participaron el ministro de Inclusi\u00f3n Digital y Sistemas Productivos, Juan Cruz Miranda; la secretaria de Agua y Recursos H\u00eddricos, Patricia Lobo, y la gerente de Obras de Aguas de Catamarca SAPEM, Rosario Amayo.<\/p>\n","protected":false},"excerpt":{"rendered":"<p>El gobernador Ra\u00fal Jalil y el intendente de Fiambal\u00e1, Ra\u00fal \u00dasqueda, mantuvieron una reuni\u00f3n en Casa de Gobierno con el objeto de analizar las diferentes obras h\u00eddricas que se est\u00e1n culminando en la jurisdicci\u00f3n, como as\u00ed tambi\u00e9n proyectar las diversas intervenciones que se prev\u00e9n ejecutar en el transcurso del a\u00f1o. Con la participaci\u00f3n de autoridades [&hellip;]<\/p>\n","protected":false},"author":2,"featured_media":3397,"comment_status":"open","ping_status":"open","sticky":false,"template":"","format":"standard","meta":{"footnotes":""},"categories":[23,21],"tags":[],"class_list":{"0":"post-3396","1":"post","2":"type-post","3":"status-publish","4":"format-standard","5":"has-post-thumbnail","7":"category-destacados","8":"category-politica"},"aioseo_notices":[],"_links":{"self":[{"href":"https:\/\/elfaroonline.com.ar\/index.php\/wp-json\/wp\/v2\/posts\/3396","targetHints":{"allow":["GET"]}}],"collection":[{"href":"https:\/\/elfaroonline.com.ar\/index.php\/wp-json\/wp\/v2\/posts"}],"about":[{"href":"https:\/\/elfaroonline.com.ar\/index.php\/wp-json\/wp\/v2\/types\/post"}],"author":[{"embeddable":true,"href":"https:\/\/elfaroonline.com.ar\/index.php\/wp-json\/wp\/v2\/users\/2"}],"replies":[{"embeddable":true,"href":"https:\/\/elfaroonline.com.ar\/index.php\/wp-json\/wp\/v2\/comments?post=3396"}],"version-history":[{"count":1,"href":"https:\/\/elfaroonline.com.ar\/index.php\/wp-json\/wp\/v2\/posts\/3396\/revisions"}],"predecessor-version":[{"id":3398,"href":"https:\/\/elfaroonline.com.ar\/index.php\/wp-json\/wp\/v2\/posts\/3396\/revisions\/3398"}],"wp:featuredmedia":[{"embeddable":true,"href":"https:\/\/elfaroonline.com.ar\/index.php\/wp-json\/wp\/v2\/media\/3397"}],"wp:attachment":[{"href":"https:\/\/elfaroonline.com.ar\/index.php\/wp-json\/wp\/v2\/media?parent=3396"}],"wp:term":[{"taxonomy":"category","embeddable":true,"href":"https:\/\/elfaroonline.com.ar\/index.php\/wp-json\/wp\/v2\/categories?post=3396"},{"taxonomy":"post_tag","embeddable":true,"href":"https:\/\/elfaroonline.com.ar\/index.php\/wp-json\/wp\/v2\/tags?post=3396"}],"curies":[{"name":"wp","href":"https:\/\/api.w.org\/{rel}","templated":true}]}}