{"id":3402,"date":"2025-03-10T08:21:46","date_gmt":"2025-03-10T11:21:46","guid":{"rendered":"https:\/\/elfaroonline.com.ar\/?p=3402"},"modified":"2025-03-10T08:21:46","modified_gmt":"2025-03-10T11:21:46","slug":"actualizacion-de-datos-para-el-programa-de-becas-catamarca-incluye","status":"publish","type":"post","link":"https:\/\/elfaroonline.com.ar\/index.php\/2025\/03\/10\/actualizacion-de-datos-para-el-programa-de-becas-catamarca-incluye\/","title":{"rendered":"Actualizaci\u00f3n de datos para el programa de Becas Catamarca Incluye"},"content":{"rendered":"<p class=\"v1MsoNormal\">La Subsecretar\u00eda de Inclusi\u00f3n al Mundo Laboral, dependiente del Ministerio de Trabajo, Planificaci\u00f3n y Recursos Humanos, informa a los beneficiarios del programa de Becas Catamarca Incluye que deber\u00e1n presentarse a actualizar sus datos a partir de la pr\u00f3xima semana, respetando el siguiente cronograma:<\/p>\n<p class=\"v1MsoNormal\"><b>-Del lunes 10 al viernes 14 de marzo:<\/b> DNI terminados en 0 y 1.<\/p>\n<p class=\"v1MsoNormal\"><b>-Del lunes 17 al viernes 21 de marzo:<\/b> DNI terminados en 2 y 3.<\/p>\n<p class=\"v1MsoNormal\"><b>-Del martes 25 al lunes 31 de marzo:<\/b> DNI terminados en 4 y 5.<\/p>\n<p class=\"v1MsoNormal\"><b>-Del martes 1 al martes 8 de abril:<\/b> DNI terminados en 6 y 7.<\/p>\n<p class=\"v1MsoNormal\"><b>-Del mi\u00e9rcoles 9 al mi\u00e9rcoles 16 de abril:<\/b> DNI terminados en 8 y 9.<\/p>\n<p class=\"v1MsoNormal\">Los beneficiarios deber\u00e1n presentarse en las oficinas de la Subsecretar\u00eda de Inclusi\u00f3n al Mundo Laboral, Pabell\u00f3n N\u00b010, CAPE, en el horario de atenci\u00f3n de 8:00 a 16:00 (corrido y d\u00edas h\u00e1biles).<\/p>\n<p class=\"v1MsoNormal\">Asimismo, se indica que por d\u00eda habr\u00e1 un cupo de atenci\u00f3n de 150 personas.<\/p>\n","protected":false},"excerpt":{"rendered":"<p>La Subsecretar\u00eda de Inclusi\u00f3n al Mundo Laboral, dependiente del Ministerio de Trabajo, Planificaci\u00f3n y Recursos Humanos, informa a los beneficiarios del programa de Becas Catamarca Incluye que deber\u00e1n presentarse a actualizar sus datos a partir de la pr\u00f3xima semana, respetando el siguiente cronograma: -Del lunes 10 al viernes 14 de marzo: DNI terminados en 0 [&hellip;]<\/p>\n","protected":false},"author":2,"featured_media":3403,"comment_status":"open","ping_status":"open","sticky":false,"template":"","format":"standard","meta":{"footnotes":""},"categories":[23,20],"tags":[],"class_list":{"0":"post-3402","1":"post","2":"type-post","3":"status-publish","4":"format-standard","5":"has-post-thumbnail","7":"category-destacados","8":"category-sociedad"},"aioseo_notices":[],"_links":{"self":[{"href":"https:\/\/elfaroonline.com.ar\/index.php\/wp-json\/wp\/v2\/posts\/3402","targetHints":{"allow":["GET"]}}],"collection":[{"href":"https:\/\/elfaroonline.com.ar\/index.php\/wp-json\/wp\/v2\/posts"}],"about":[{"href":"https:\/\/elfaroonline.com.ar\/index.php\/wp-json\/wp\/v2\/types\/post"}],"author":[{"embeddable":true,"href":"https:\/\/elfaroonline.com.ar\/index.php\/wp-json\/wp\/v2\/users\/2"}],"replies":[{"embeddable":true,"href":"https:\/\/elfaroonline.com.ar\/index.php\/wp-json\/wp\/v2\/comments?post=3402"}],"version-history":[{"count":1,"href":"https:\/\/elfaroonline.com.ar\/index.php\/wp-json\/wp\/v2\/posts\/3402\/revisions"}],"predecessor-version":[{"id":3404,"href":"https:\/\/elfaroonline.com.ar\/index.php\/wp-json\/wp\/v2\/posts\/3402\/revisions\/3404"}],"wp:featuredmedia":[{"embeddable":true,"href":"https:\/\/elfaroonline.com.ar\/index.php\/wp-json\/wp\/v2\/media\/3403"}],"wp:attachment":[{"href":"https:\/\/elfaroonline.com.ar\/index.php\/wp-json\/wp\/v2\/media?parent=3402"}],"wp:term":[{"taxonomy":"category","embeddable":true,"href":"https:\/\/elfaroonline.com.ar\/index.php\/wp-json\/wp\/v2\/categories?post=3402"},{"taxonomy":"post_tag","embeddable":true,"href":"https:\/\/elfaroonline.com.ar\/index.php\/wp-json\/wp\/v2\/tags?post=3402"}],"curies":[{"name":"wp","href":"https:\/\/api.w.org\/{rel}","templated":true}]}}