{"id":3405,"date":"2025-03-10T08:23:46","date_gmt":"2025-03-10T11:23:46","guid":{"rendered":"https:\/\/elfaroonline.com.ar\/?p=3405"},"modified":"2025-03-10T08:23:46","modified_gmt":"2025-03-10T11:23:46","slug":"la-cuesta-del-portezuelo-continuara-habilitada-sabados-y-domingos-en-horario-reducido","status":"publish","type":"post","link":"https:\/\/elfaroonline.com.ar\/index.php\/2025\/03\/10\/la-cuesta-del-portezuelo-continuara-habilitada-sabados-y-domingos-en-horario-reducido\/","title":{"rendered":"La Cuesta del Portezuelo continuar\u00e1 habilitada s\u00e1bados y domingos en horario reducido"},"content":{"rendered":"<p class=\"v1MsoNormal\">Vialidad Provincial informa que, a partir de ahora, la Cuesta de El Portezuelo se habilitar\u00e1 tambi\u00e9n los s\u00e1bados y domingos en horarios reducidos, exclusivamente para veh\u00edculos livianos.<\/p>\n<p class=\"v1MsoNormal\">\n<p class=\"v1MsoNormal\">Horarios de circulaci\u00f3n:<\/p>\n<p class=\"v1MsoNormal\">&#8211; Ma\u00f1ana: 6:00 a 8:00 horas (todos los d\u00edas)<\/p>\n<p class=\"v1MsoNormal\">&#8211; Tarde: 18:00 a 20:00 horas (todos los d\u00edas)<\/p>\n<p class=\"v1MsoNormal\">\n<p class=\"v1MsoNormal\">Personal de Vialidad Provincial contin\u00faa trabajando en el lugar para garantizar la seguridad y transitabilidad. Por lo tanto, se solicita a los conductores:<\/p>\n<p class=\"v1MsoNormal\">\n<p class=\"v1MsoNormal\">&#8211; Respetar los horarios establecidos para el paso vehicular<\/p>\n<p class=\"v1MsoNormal\">&#8211; Atender la se\u00f1alizaci\u00f3n<\/p>\n<p class=\"v1MsoNormal\">&#8211; Seguir las indicaciones de los trabajadores<\/p>\n","protected":false},"excerpt":{"rendered":"<p>Vialidad Provincial informa que, a partir de ahora, la Cuesta de El Portezuelo se habilitar\u00e1 tambi\u00e9n los s\u00e1bados y domingos en horarios reducidos, exclusivamente para veh\u00edculos livianos. Horarios de circulaci\u00f3n: &#8211; Ma\u00f1ana: 6:00 a 8:00 horas (todos los d\u00edas) &#8211; Tarde: 18:00 a 20:00 horas (todos los d\u00edas) Personal de Vialidad Provincial contin\u00faa trabajando en [&hellip;]<\/p>\n","protected":false},"author":2,"featured_media":3406,"comment_status":"open","ping_status":"open","sticky":false,"template":"","format":"standard","meta":{"footnotes":""},"categories":[20],"tags":[],"class_list":{"0":"post-3405","1":"post","2":"type-post","3":"status-publish","4":"format-standard","5":"has-post-thumbnail","7":"category-sociedad"},"aioseo_notices":[],"_links":{"self":[{"href":"https:\/\/elfaroonline.com.ar\/index.php\/wp-json\/wp\/v2\/posts\/3405","targetHints":{"allow":["GET"]}}],"collection":[{"href":"https:\/\/elfaroonline.com.ar\/index.php\/wp-json\/wp\/v2\/posts"}],"about":[{"href":"https:\/\/elfaroonline.com.ar\/index.php\/wp-json\/wp\/v2\/types\/post"}],"author":[{"embeddable":true,"href":"https:\/\/elfaroonline.com.ar\/index.php\/wp-json\/wp\/v2\/users\/2"}],"replies":[{"embeddable":true,"href":"https:\/\/elfaroonline.com.ar\/index.php\/wp-json\/wp\/v2\/comments?post=3405"}],"version-history":[{"count":1,"href":"https:\/\/elfaroonline.com.ar\/index.php\/wp-json\/wp\/v2\/posts\/3405\/revisions"}],"predecessor-version":[{"id":3407,"href":"https:\/\/elfaroonline.com.ar\/index.php\/wp-json\/wp\/v2\/posts\/3405\/revisions\/3407"}],"wp:featuredmedia":[{"embeddable":true,"href":"https:\/\/elfaroonline.com.ar\/index.php\/wp-json\/wp\/v2\/media\/3406"}],"wp:attachment":[{"href":"https:\/\/elfaroonline.com.ar\/index.php\/wp-json\/wp\/v2\/media?parent=3405"}],"wp:term":[{"taxonomy":"category","embeddable":true,"href":"https:\/\/elfaroonline.com.ar\/index.php\/wp-json\/wp\/v2\/categories?post=3405"},{"taxonomy":"post_tag","embeddable":true,"href":"https:\/\/elfaroonline.com.ar\/index.php\/wp-json\/wp\/v2\/tags?post=3405"}],"curies":[{"name":"wp","href":"https:\/\/api.w.org\/{rel}","templated":true}]}}