{"id":3411,"date":"2025-03-10T08:32:58","date_gmt":"2025-03-10T11:32:58","guid":{"rendered":"https:\/\/elfaroonline.com.ar\/?p=3411"},"modified":"2025-03-10T08:32:58","modified_gmt":"2025-03-10T11:32:58","slug":"al-menos-16-muertos-y-1000-evacuados-en-bahia-blanca-el-gobierno-reforzara-la-asistencia-y-continuan-buscando-victimas","status":"publish","type":"post","link":"https:\/\/elfaroonline.com.ar\/index.php\/2025\/03\/10\/al-menos-16-muertos-y-1000-evacuados-en-bahia-blanca-el-gobierno-reforzara-la-asistencia-y-continuan-buscando-victimas\/","title":{"rendered":"Al menos 16 muertos y 1000 evacuados en Bah\u00eda Blanca: el Gobierno reforzar\u00e1 la asistencia y contin\u00faan buscando v\u00edctimas"},"content":{"rendered":"<p>Desde la Quinta de Olivos, el presidente <b>Javier Milei<\/b> supervis\u00f3 durante todo el fin de semana la asistencia que la Naci\u00f3n fue enviando a Bah\u00eda Blanca, donde un fuerte temporal provoc\u00f3 inundaciones masivas y dej\u00f3, hasta el momento, 16 muertos, miles de evacuados y graves destrozos.<\/p>\n<p class=\"paragraph\" data-mrf-recirculation=\"Links inline\">El jefe de Gabinete, <b>Guillermo Francos<\/b>, mantiene comunicaci\u00f3n permanente con el intendente de ese municipio, <b>Federico Susbielles<\/b>, mientras que los ministros de Defensa, <b>Luis Petri<\/b>, y de Seguridad, <b>Patricia Bullrich<\/b>, seguir\u00e1n recorriendo la ciudad bonaerense, coordinando los operativos de emergencia y la entrega de alimentos y bienes b\u00e1sicos.<\/p>\n<div class=\"inline ad-wrapper\">\n<div class=\"dfpAd ad-inline\"><\/div>\n<\/div>\n<p class=\"paragraph\" data-mrf-recirculation=\"Links inline\">A pesar de haber cancelado varias actividades de su agenda debido a esta crisis, como el viaje que ten\u00eda previsto a Mendoza para participar de la Fiesta de la Vendimia, <b>el mandatario nacional no tiene previsto visitar la zona afectada<\/b>.<\/p>\n<p data-mrf-recirculation=\"Links inline\">A trav\u00e9s del Palacio de Hacienda, el l\u00edder libertario s\u00ed autoriz\u00f3 un desembolso de unos 10 mil millones de pesos para las autoridades bahienses, aunque <b>todav\u00eda el dinero no hab\u00eda sido girado<\/b>.<\/p>\n<p data-mrf-recirculation=\"Links inline\">La medida la anunci\u00f3 d\u00edas atr\u00e1s el ministro de Econom\u00eda, <b>Luis \u201cToto\u201d Caputo<\/b>, en un mensaje que public\u00f3 en su cuenta de X, en el que precis\u00f3 que ese monto ser\u00e1 destinado para reparar da\u00f1os.<\/p>\n<p class=\"paragraph\" data-mrf-recirculation=\"Links inline\">El domingo, Susbielles asegur\u00f3 que se enter\u00f3 de este aporte por las redes sociales y le agradeci\u00f3 al Gobierno, pero<b> asegur\u00f3 que necesitar\u00e1 \u201cm\u00e1s de 400 mil millones de pesos\u201d<\/b> para poder hacer frente a los destrozos causados por el temporal.<\/p>\n<p class=\"paragraph\" data-mrf-recirculation=\"Links inline\">No obstante, de acuerdo con lo que precisaron a<b>Infobae <\/b>fuentes de la Casa Rosada, el Poder Ejecutivo<b> no incrementar\u00eda la cifra informada por Caputo<\/b>, por lo que podr\u00eda abrirse una discusi\u00f3n sobre los costos de la reconstrucci\u00f3n de la ciudad.<\/p>\n<p class=\"paragraph\" data-mrf-recirculation=\"Links inline\">En la Casa Rosada aseguran que est\u00e1n dispuestos a dialogar sobre las obras que se van a tener que llevar adelante una vez que finalice la emergencia, para reparar calles, puentes y otros servicios.<\/p>\n<p class=\"paragraph\" data-mrf-recirculation=\"Links inline\">Sin embargo, si bien se muestran abiertas a negociar, las autoridades nacionales remarcan que la responsabilidad de llevar adelante esas tareas las tiene principalmente el gobernador de la provincia de Buenos Aires,<b> Axel Kicillof<\/b>.<\/p>\n<p class=\"paragraph\" data-mrf-recirculation=\"Links inline\">En ese sentido, se\u00f1alan que se pudieron en contacto con el ministro de Gobierno bonaerense,<b>Carlos Bianco<\/b>, y colaboraron con lo que viene pidiendo hasta el momento.<\/p>\n<p class=\"paragraph\" data-mrf-recirculation=\"Links inline\">\u201cNosotros estamos a disposici\u00f3n, pero el intendente de Bah\u00eda Blanca tiene que gestionar la ayuda y la asistencia con el gobernador Kicillof\u201d, insisti\u00f3 un funcionario de Balcarce 50.<\/p>\n<p class=\"paragraph\" data-mrf-recirculation=\"Links inline\">La idea de las autoridades nacionales es seguir cooperando en los pr\u00f3ximos d\u00edas con comida, bebida y distintos elementos de higiene y cuidado para los damnificados.<\/p>\n<p class=\"paragraph\" data-mrf-recirculation=\"Links inline\">A lo largo del fin de semana, ya hab\u00edan arribado a la ciudad dos H\u00e9rcules C-130 de la Fuerza A\u00e9rea con toneladas de insumos que fueron aportados por el Ministerio de Capital Humano, que dirige <b>Sandra Pettovello<\/b>.<\/p>\n<p class=\"paragraph\" data-mrf-recirculation=\"Links inline\">En el lugar se encuentra Petri, que recibi\u00f3 a la aeronave y<b> espera la llegada de otras cuatro similares que aterrizar\u00e1n en los pr\u00f3ximos d\u00edas<\/b>, por lo que el funcionario permanecer\u00e1 en Bah\u00eda Blanca.<\/p>\n<p class=\"paragraph\" data-mrf-recirculation=\"Links inline\">\u201cEn total son seis los vuelos que se organizaron para llevar la ayuda, tres salieron durante el s\u00e1bado y el domingo, mientras que los restantes lo har\u00e1n el lunes\u201d, explic\u00f3 una persona al tanto de la misi\u00f3n.<\/p>\n<p class=\"paragraph\" data-mrf-recirculation=\"Links inline\">Seg\u00fan pudo saber este medio, Capital Humano aport\u00f3 art\u00edculos esenciales, materiales de construcci\u00f3n, elementos de higiene, mobiliario y productos de limpieza y protecci\u00f3n.<\/p>\n<p class=\"paragraph\" data-mrf-recirculation=\"Links inline\">Sin embargo, la cartera conducida por Pettovello <b>no pudo entregar alimentos<\/b>, ya que solamente contaba con los que ten\u00eda en el dep\u00f3sito de Villa Martelli y que se vio obligada a distribuir meses atr\u00e1s por disposici\u00f3n del juez <b>Sebasti\u00e1n Casanello<\/b>, a partir de una denuncia realizada por el dirigente social <b>Juan Grabois<\/b>, que acus\u00f3 a la funcionaria de retener la comida en ese almac\u00e9n.<\/p>\n<p class=\"paragraph\" data-mrf-recirculation=\"Links inline\">Sin embargo, los aviones s\u00ed llevan verduras, frutas y raciones de combate que pertenecen a las Fuerzas Armadas y que cargan en la Base A\u00e9rea de El Palomar, desde donde salen con rumbo al Aeropuerto Comandante Espora, en las afueras de la ciudad del sur bonaerense.<\/p>\n<p class=\"paragraph\" data-mrf-recirculation=\"Links inline\">En paralelo, m\u00e1s de 120 efectivos del Ej\u00e9rcito se desplegaron el viernes pasado en el territorio con camiones, botes de rescate y veh\u00edculos anfibios para evacuar y asistir a la poblaci\u00f3n.<\/p>\n","protected":false},"excerpt":{"rendered":"<p>Desde la Quinta de Olivos, el presidente Javier Milei supervis\u00f3 durante todo el fin de semana la asistencia que la Naci\u00f3n fue enviando a Bah\u00eda Blanca, donde un fuerte temporal provoc\u00f3 inundaciones masivas y dej\u00f3, hasta el momento, 16 muertos, miles de evacuados y graves destrozos. El jefe de Gabinete, Guillermo Francos, mantiene comunicaci\u00f3n permanente [&hellip;]<\/p>\n","protected":false},"author":2,"featured_media":3412,"comment_status":"open","ping_status":"open","sticky":false,"template":"","format":"standard","meta":{"footnotes":""},"categories":[22],"tags":[],"class_list":{"0":"post-3411","1":"post","2":"type-post","3":"status-publish","4":"format-standard","5":"has-post-thumbnail","7":"category-nacionales"},"aioseo_notices":[],"_links":{"self":[{"href":"https:\/\/elfaroonline.com.ar\/index.php\/wp-json\/wp\/v2\/posts\/3411","targetHints":{"allow":["GET"]}}],"collection":[{"href":"https:\/\/elfaroonline.com.ar\/index.php\/wp-json\/wp\/v2\/posts"}],"about":[{"href":"https:\/\/elfaroonline.com.ar\/index.php\/wp-json\/wp\/v2\/types\/post"}],"author":[{"embeddable":true,"href":"https:\/\/elfaroonline.com.ar\/index.php\/wp-json\/wp\/v2\/users\/2"}],"replies":[{"embeddable":true,"href":"https:\/\/elfaroonline.com.ar\/index.php\/wp-json\/wp\/v2\/comments?post=3411"}],"version-history":[{"count":1,"href":"https:\/\/elfaroonline.com.ar\/index.php\/wp-json\/wp\/v2\/posts\/3411\/revisions"}],"predecessor-version":[{"id":3413,"href":"https:\/\/elfaroonline.com.ar\/index.php\/wp-json\/wp\/v2\/posts\/3411\/revisions\/3413"}],"wp:featuredmedia":[{"embeddable":true,"href":"https:\/\/elfaroonline.com.ar\/index.php\/wp-json\/wp\/v2\/media\/3412"}],"wp:attachment":[{"href":"https:\/\/elfaroonline.com.ar\/index.php\/wp-json\/wp\/v2\/media?parent=3411"}],"wp:term":[{"taxonomy":"category","embeddable":true,"href":"https:\/\/elfaroonline.com.ar\/index.php\/wp-json\/wp\/v2\/categories?post=3411"},{"taxonomy":"post_tag","embeddable":true,"href":"https:\/\/elfaroonline.com.ar\/index.php\/wp-json\/wp\/v2\/tags?post=3411"}],"curies":[{"name":"wp","href":"https:\/\/api.w.org\/{rel}","templated":true}]}}