{"id":3417,"date":"2025-03-10T08:39:38","date_gmt":"2025-03-10T11:39:38","guid":{"rendered":"https:\/\/elfaroonline.com.ar\/?p=3417"},"modified":"2025-03-10T08:39:38","modified_gmt":"2025-03-10T11:39:38","slug":"gabriela-molina-en-2024-hubo-15-mil-llamados-a-punto-violeta-por-violencia-de-genero","status":"publish","type":"post","link":"https:\/\/elfaroonline.com.ar\/index.php\/2025\/03\/10\/gabriela-molina-en-2024-hubo-15-mil-llamados-a-punto-violeta-por-violencia-de-genero\/","title":{"rendered":"Gabriela Molina: &#8220;En 2024 hubo 15 mil llamados a Punto Violeta por Violencia de g\u00e9nero&#8221;"},"content":{"rendered":"<p>La Secretaria de Mujeres, G\u00e9nero y Diversidad de la Capital, Dra. Gabriela Molina se mostr\u00f3 preocupada por los altos \u00edndices de casos de violencia de g\u00e9nero al indicar que &#8220;el a\u00f1o pasado hubo 15.000 llamados de personas a nuestro centro de monitoreo pidiendo ayuda o asesoramiento&#8221;.<br \/>\nSeguidamente explic\u00f3 que &#8220;en 2024, asistimos a 3.230 personas, de los cuales cerca de 500 casos fueron de alto riesgo&#8221; agregando que actualmente en la Capital hay m\u00e1s de 570 dispositivos colocados en personas que sufren este tipo de violencia.<br \/>\nEn el programa &#8220;Las Cosas por su nombre&#8221; de Radio Municipal, Molina indic\u00f3 que se apunta mucho a las capacitaciones, &#8221; por ordenanza municipal para sacar el carnet profesional hay que hacer el curso sobre la Ley Micaela, pero tambi\u00e9n visitamos centros vecinales, clubes y escuelas para que los ni\u00f1os, ni\u00f1as y adolescentes aprendan a manejar ciertas situaciones y comenzar a instalar estos temas en los m\u00e1s j\u00f3venes. Por \u00faltimo agreg\u00f3 que hubo 21 patrocinios de las letradas de Punto Violeta a v\u00edctimas que se encuentran en caso de extrema vulnerabilidad.<\/p>\n<p><b>Nuevas metas <\/b><br \/>\nPara este 2025, una de las propuestas m\u00e1s interesantes es la creaci\u00f3n de una l\u00ednea de emergencia municipal, de tres d\u00edgitos, gratuita y de f\u00e1cil acceso denominada C\u00f3digo Violeta. &#8220;La idea es que cualquier persona que est\u00e9 sufriendo una situaci\u00f3n violenta o si est\u00e1 presenciando un hecho violento, pueda llamar pidiendo ayuda&#8221;, sentenci\u00f3 Molina.<\/p>\n","protected":false},"excerpt":{"rendered":"<p>La Secretaria de Mujeres, G\u00e9nero y Diversidad de la Capital, Dra. Gabriela Molina se mostr\u00f3 preocupada por los altos \u00edndices de casos de violencia de g\u00e9nero al indicar que &#8220;el a\u00f1o pasado hubo 15.000 llamados de personas a nuestro centro de monitoreo pidiendo ayuda o asesoramiento&#8221;. Seguidamente explic\u00f3 que &#8220;en 2024, asistimos a 3.230 personas, [&hellip;]<\/p>\n","protected":false},"author":2,"featured_media":3418,"comment_status":"open","ping_status":"open","sticky":false,"template":"","format":"standard","meta":{"footnotes":""},"categories":[27],"tags":[],"class_list":{"0":"post-3417","1":"post","2":"type-post","3":"status-publish","4":"format-standard","5":"has-post-thumbnail","7":"category-policiales"},"aioseo_notices":[],"_links":{"self":[{"href":"https:\/\/elfaroonline.com.ar\/index.php\/wp-json\/wp\/v2\/posts\/3417","targetHints":{"allow":["GET"]}}],"collection":[{"href":"https:\/\/elfaroonline.com.ar\/index.php\/wp-json\/wp\/v2\/posts"}],"about":[{"href":"https:\/\/elfaroonline.com.ar\/index.php\/wp-json\/wp\/v2\/types\/post"}],"author":[{"embeddable":true,"href":"https:\/\/elfaroonline.com.ar\/index.php\/wp-json\/wp\/v2\/users\/2"}],"replies":[{"embeddable":true,"href":"https:\/\/elfaroonline.com.ar\/index.php\/wp-json\/wp\/v2\/comments?post=3417"}],"version-history":[{"count":1,"href":"https:\/\/elfaroonline.com.ar\/index.php\/wp-json\/wp\/v2\/posts\/3417\/revisions"}],"predecessor-version":[{"id":3419,"href":"https:\/\/elfaroonline.com.ar\/index.php\/wp-json\/wp\/v2\/posts\/3417\/revisions\/3419"}],"wp:featuredmedia":[{"embeddable":true,"href":"https:\/\/elfaroonline.com.ar\/index.php\/wp-json\/wp\/v2\/media\/3418"}],"wp:attachment":[{"href":"https:\/\/elfaroonline.com.ar\/index.php\/wp-json\/wp\/v2\/media?parent=3417"}],"wp:term":[{"taxonomy":"category","embeddable":true,"href":"https:\/\/elfaroonline.com.ar\/index.php\/wp-json\/wp\/v2\/categories?post=3417"},{"taxonomy":"post_tag","embeddable":true,"href":"https:\/\/elfaroonline.com.ar\/index.php\/wp-json\/wp\/v2\/tags?post=3417"}],"curies":[{"name":"wp","href":"https:\/\/api.w.org\/{rel}","templated":true}]}}