{"id":342,"date":"2024-04-27T17:32:39","date_gmt":"2024-04-27T20:32:39","guid":{"rendered":"https:\/\/elfaroonline.com.ar\/?p=342"},"modified":"2024-04-27T17:32:39","modified_gmt":"2024-04-27T20:32:39","slug":"ra-intertrading-fabrica-la-nueva-indumentaria-que-usara-la-seleccion-argentina","status":"publish","type":"post","link":"https:\/\/elfaroonline.com.ar\/index.php\/2024\/04\/27\/ra-intertrading-fabrica-la-nueva-indumentaria-que-usara-la-seleccion-argentina\/","title":{"rendered":"RA Intertrading fabrica la nueva indumentaria que usar\u00e1 la Selecci\u00f3n Argentina"},"content":{"rendered":"<p class=\"v1MsoNormal\">El gobernador Ra\u00fal Jalil visit\u00f3 \u00a0la planta de RA Intertrading, empresa dedicada a la confecci\u00f3n de indumentaria para reconocidas marcas que visten a la selecci\u00f3n nacional de f\u00fatbol y a los principales clubes argentinos, donde se interioriz\u00f3 sobre las nuevas confecciones de camisetas y la marcha de la f\u00e1brica que emplea a 180 catamarque\u00f1os y catamarque\u00f1as.<\/p>\n<p class=\"v1MsoNormal\">Ra\u00fal invit\u00f3 a conocer esta importante planta al cosecretario general de la Confederaci\u00f3n General del Trabajo, H\u00e9ctor Daer, quien lleg\u00f3 a esta provincia para participar de actividades de la CGT local. La anfitriona, Daniela Rabinovich, quien es presidenta de RA Intertrading, mostr\u00f3 a la comitiva las diferentes l\u00edneas de producci\u00f3n con sus trabajadores y trabajadoras abocadas a la confecci\u00f3n de distintas prendas.<\/p>\n<p class=\"v1MsoNormal\">Rabinovich, como nota de color, coment\u00f3 que se va a fabricar en la planta catamarque\u00f1a parte de la indumentaria de la Selecci\u00f3n Nacional de AFA para jugar la pr\u00f3xima Copa Am\u00e9rica, la que se desarrollar\u00e1 en Estados Unidos en junio pr\u00f3ximo.<\/p>\n<p class=\"v1MsoNormal\">El gobernador Jalil le ratific\u00f3 a la empresaria el compromiso de la Provincia en respaldar el trabajo y la contenci\u00f3n de trabajadores que realiza la RA Intertrading. Tambi\u00e9n, le cont\u00f3 a Daer la historia de esta f\u00e1brica que abri\u00f3 en 2022 con el acompa\u00f1amiento del Gobierno provincial en el recuperado predio que hab\u00eda pertenecido a Yersiplast, empresa que hab\u00eda bajado la persiana a\u00f1os atr\u00e1s.<\/p>\n<p class=\"v1MsoNormal\">Acompa\u00f1aron al Gobernador, el secretario de Industria y Comercio, Jos\u00e9 Barrera, y el secretario de Econom\u00eda del Conocimiento y Empleo, Mario Guar\u00e1z, ambos pertenecientes al Ministerio de Industria, Comercio y Empleo, cuyo titular es Sebasti\u00e1n Caria.<\/p>\n","protected":false},"excerpt":{"rendered":"<p>El gobernador Ra\u00fal Jalil visit\u00f3 \u00a0la planta de RA Intertrading, empresa dedicada a la confecci\u00f3n de indumentaria para reconocidas marcas que visten a la selecci\u00f3n nacional de f\u00fatbol y a los principales clubes argentinos, donde se interioriz\u00f3 sobre las nuevas confecciones de camisetas y la marcha de la f\u00e1brica que emplea a 180 catamarque\u00f1os y [&hellip;]<\/p>\n","protected":false},"author":2,"featured_media":343,"comment_status":"open","ping_status":"open","sticky":false,"template":"","format":"standard","meta":{"footnotes":""},"categories":[21],"tags":[],"class_list":{"0":"post-342","1":"post","2":"type-post","3":"status-publish","4":"format-standard","5":"has-post-thumbnail","7":"category-politica"},"aioseo_notices":[],"_links":{"self":[{"href":"https:\/\/elfaroonline.com.ar\/index.php\/wp-json\/wp\/v2\/posts\/342","targetHints":{"allow":["GET"]}}],"collection":[{"href":"https:\/\/elfaroonline.com.ar\/index.php\/wp-json\/wp\/v2\/posts"}],"about":[{"href":"https:\/\/elfaroonline.com.ar\/index.php\/wp-json\/wp\/v2\/types\/post"}],"author":[{"embeddable":true,"href":"https:\/\/elfaroonline.com.ar\/index.php\/wp-json\/wp\/v2\/users\/2"}],"replies":[{"embeddable":true,"href":"https:\/\/elfaroonline.com.ar\/index.php\/wp-json\/wp\/v2\/comments?post=342"}],"version-history":[{"count":1,"href":"https:\/\/elfaroonline.com.ar\/index.php\/wp-json\/wp\/v2\/posts\/342\/revisions"}],"predecessor-version":[{"id":344,"href":"https:\/\/elfaroonline.com.ar\/index.php\/wp-json\/wp\/v2\/posts\/342\/revisions\/344"}],"wp:featuredmedia":[{"embeddable":true,"href":"https:\/\/elfaroonline.com.ar\/index.php\/wp-json\/wp\/v2\/media\/343"}],"wp:attachment":[{"href":"https:\/\/elfaroonline.com.ar\/index.php\/wp-json\/wp\/v2\/media?parent=342"}],"wp:term":[{"taxonomy":"category","embeddable":true,"href":"https:\/\/elfaroonline.com.ar\/index.php\/wp-json\/wp\/v2\/categories?post=342"},{"taxonomy":"post_tag","embeddable":true,"href":"https:\/\/elfaroonline.com.ar\/index.php\/wp-json\/wp\/v2\/tags?post=342"}],"curies":[{"name":"wp","href":"https:\/\/api.w.org\/{rel}","templated":true}]}}