{"id":3420,"date":"2025-03-10T08:43:36","date_gmt":"2025-03-10T11:43:36","guid":{"rendered":"https:\/\/elfaroonline.com.ar\/?p=3420"},"modified":"2025-03-10T08:43:36","modified_gmt":"2025-03-10T11:43:36","slug":"arrestan-a-otras-dos-personas-y-secuestran-elementos-de-interes-para-la-causa-por-la-muerte-de-una-persona-en-la-paz","status":"publish","type":"post","link":"https:\/\/elfaroonline.com.ar\/index.php\/2025\/03\/10\/arrestan-a-otras-dos-personas-y-secuestran-elementos-de-interes-para-la-causa-por-la-muerte-de-una-persona-en-la-paz\/","title":{"rendered":"Arrestan a otras dos personas y secuestran elementos de inter\u00e9s para la causa por la muerte de una persona en La Paz"},"content":{"rendered":"<p class=\"v1MsoNormal\">En el marco de la investigaci\u00f3n iniciada por la muerte de un hombre de apellido Ferreyra (42), que fue encontrado en un camino comunal que lleva a la localidad de El Quimilo, Departamento La Paz, donde luego del suceso el presunto autor del hecho de apellido <b>Herrera (27)<\/b> fue aprehendido por personal policial, bajo las directivas de la Fiscal\u00eda de la Sexta Circunscripci\u00f3n Judicial, efectivos de la <b>Divisi\u00f3n Homicidios de la Polic\u00eda de la Provincia<\/b>, conjuntamente con sus pares de la <b>Direcci\u00f3n General de Criminal\u00edstica<\/b>, de la <b>Subcomisar\u00eda La Guardia<\/b>, del <b>Grupo Especial de Apoyo (GEA) <\/b>y de personal dependiente de la Unidad Regional N\u00b0 2, con asiento en la Ciudad de Recreo, arrestaron en averiguaci\u00f3n del hecho a otras dos personas; una mujer de apellido <b>Romero (30) <\/b>y a un hombre de apellido <b>Vera (32).<\/b><\/p>\n<p class=\"v1MsoNormal\">Asimismo, los investigadores llevaron a cabo distintas medidas Judiciales, en las que secuestraron elementos de inter\u00e9s para la causa, entre ellos un arma blanca, que fueron puestos a disposici\u00f3n de la Justicia interviniente, desde donde se indicaron las directivas a cumplimentar.<\/p>\n","protected":false},"excerpt":{"rendered":"<p>En el marco de la investigaci\u00f3n iniciada por la muerte de un hombre de apellido Ferreyra (42), que fue encontrado en un camino comunal que lleva a la localidad de El Quimilo, Departamento La Paz, donde luego del suceso el presunto autor del hecho de apellido Herrera (27) fue aprehendido por personal policial, bajo las [&hellip;]<\/p>\n","protected":false},"author":2,"featured_media":3421,"comment_status":"open","ping_status":"open","sticky":false,"template":"","format":"standard","meta":{"footnotes":""},"categories":[27],"tags":[],"class_list":{"0":"post-3420","1":"post","2":"type-post","3":"status-publish","4":"format-standard","5":"has-post-thumbnail","7":"category-policiales"},"aioseo_notices":[],"_links":{"self":[{"href":"https:\/\/elfaroonline.com.ar\/index.php\/wp-json\/wp\/v2\/posts\/3420","targetHints":{"allow":["GET"]}}],"collection":[{"href":"https:\/\/elfaroonline.com.ar\/index.php\/wp-json\/wp\/v2\/posts"}],"about":[{"href":"https:\/\/elfaroonline.com.ar\/index.php\/wp-json\/wp\/v2\/types\/post"}],"author":[{"embeddable":true,"href":"https:\/\/elfaroonline.com.ar\/index.php\/wp-json\/wp\/v2\/users\/2"}],"replies":[{"embeddable":true,"href":"https:\/\/elfaroonline.com.ar\/index.php\/wp-json\/wp\/v2\/comments?post=3420"}],"version-history":[{"count":1,"href":"https:\/\/elfaroonline.com.ar\/index.php\/wp-json\/wp\/v2\/posts\/3420\/revisions"}],"predecessor-version":[{"id":3422,"href":"https:\/\/elfaroonline.com.ar\/index.php\/wp-json\/wp\/v2\/posts\/3420\/revisions\/3422"}],"wp:featuredmedia":[{"embeddable":true,"href":"https:\/\/elfaroonline.com.ar\/index.php\/wp-json\/wp\/v2\/media\/3421"}],"wp:attachment":[{"href":"https:\/\/elfaroonline.com.ar\/index.php\/wp-json\/wp\/v2\/media?parent=3420"}],"wp:term":[{"taxonomy":"category","embeddable":true,"href":"https:\/\/elfaroonline.com.ar\/index.php\/wp-json\/wp\/v2\/categories?post=3420"},{"taxonomy":"post_tag","embeddable":true,"href":"https:\/\/elfaroonline.com.ar\/index.php\/wp-json\/wp\/v2\/tags?post=3420"}],"curies":[{"name":"wp","href":"https:\/\/api.w.org\/{rel}","templated":true}]}}