{"id":3453,"date":"2025-03-17T12:51:09","date_gmt":"2025-03-17T15:51:09","guid":{"rendered":"https:\/\/elfaroonline.com.ar\/?p=3453"},"modified":"2025-03-17T12:51:09","modified_gmt":"2025-03-17T15:51:09","slug":"la-cgt-hara-su-tercer-paro-general-contra-milei-el-8-de-abril-y-participara-de-la-marcha-opositora-del-24-de-marzo","status":"publish","type":"post","link":"https:\/\/elfaroonline.com.ar\/index.php\/2025\/03\/17\/la-cgt-hara-su-tercer-paro-general-contra-milei-el-8-de-abril-y-participara-de-la-marcha-opositora-del-24-de-marzo\/","title":{"rendered":"La CGT har\u00e1 su tercer paro general contra Milei el 8 de abril y participar\u00e1 de la marcha opositora del 24 de marzo"},"content":{"rendered":"<p>La CGT le puso fecha. El 8 de abril, la central obrera har\u00e1<b> su tercer paro general contra el gobierno de Javier Milei<\/b> y tiene previsto el 24 de marzo, el D\u00eda de la Memoria, participar de la marcha opositora, que se prev\u00e9 tendr\u00e1 mayor convocatoria que a\u00f1os anteriores.<\/p>\n<p>La fecha ya fue decidida por los l\u00edderes de la Confederaci\u00f3n General del Trabajo, pero todav\u00eda no se resolvi\u00f3 si ser\u00e1 con o sin movilizaci\u00f3n al Congreso Nacional o frente a la Casa Rosada.<\/p>\n<p>\u201c<b>La fecha est\u00e1 definida, los detalles se resolver\u00e1n el jueves<\/b>\u201d, explic\u00f3 a este medio un dirigente que integra la mesa chica de la central obrera. El 20 de marzo, a las 15, en el Sal\u00f3n Sa\u00fal Ubaldini del cuarto piso del m\u00edtico edificio de la calle Azopardo, el Consejo Directivo definir\u00e1 esos \u201cdetalles\u201d.<\/p>\n<p>Lo cierto es que, adem\u00e1s de la fecha y de la participaci\u00f3n de la marcha opositora del 24 de marzo -cuando se recuerda el d\u00eda en que empez\u00f3 la \u00faltima y m\u00e1s criminal dictadura militar- los l\u00edderes sindicales tomaron la decisi\u00f3n de redoblar su posici\u00f3n cr\u00edtica contra el gobierno de Milei, despu\u00e9s de meses de tregua y coexistencia pac\u00edfica.<\/p>\n","protected":false},"excerpt":{"rendered":"<p>La CGT le puso fecha. El 8 de abril, la central obrera har\u00e1 su tercer paro general contra el gobierno de Javier Milei y tiene previsto el 24 de marzo, el D\u00eda de la Memoria, participar de la marcha opositora, que se prev\u00e9 tendr\u00e1 mayor convocatoria que a\u00f1os anteriores. La fecha ya fue decidida por [&hellip;]<\/p>\n","protected":false},"author":2,"featured_media":3454,"comment_status":"open","ping_status":"open","sticky":false,"template":"","format":"standard","meta":{"footnotes":""},"categories":[22,21],"tags":[],"class_list":{"0":"post-3453","1":"post","2":"type-post","3":"status-publish","4":"format-standard","5":"has-post-thumbnail","7":"category-nacionales","8":"category-politica"},"aioseo_notices":[],"_links":{"self":[{"href":"https:\/\/elfaroonline.com.ar\/index.php\/wp-json\/wp\/v2\/posts\/3453","targetHints":{"allow":["GET"]}}],"collection":[{"href":"https:\/\/elfaroonline.com.ar\/index.php\/wp-json\/wp\/v2\/posts"}],"about":[{"href":"https:\/\/elfaroonline.com.ar\/index.php\/wp-json\/wp\/v2\/types\/post"}],"author":[{"embeddable":true,"href":"https:\/\/elfaroonline.com.ar\/index.php\/wp-json\/wp\/v2\/users\/2"}],"replies":[{"embeddable":true,"href":"https:\/\/elfaroonline.com.ar\/index.php\/wp-json\/wp\/v2\/comments?post=3453"}],"version-history":[{"count":1,"href":"https:\/\/elfaroonline.com.ar\/index.php\/wp-json\/wp\/v2\/posts\/3453\/revisions"}],"predecessor-version":[{"id":3455,"href":"https:\/\/elfaroonline.com.ar\/index.php\/wp-json\/wp\/v2\/posts\/3453\/revisions\/3455"}],"wp:featuredmedia":[{"embeddable":true,"href":"https:\/\/elfaroonline.com.ar\/index.php\/wp-json\/wp\/v2\/media\/3454"}],"wp:attachment":[{"href":"https:\/\/elfaroonline.com.ar\/index.php\/wp-json\/wp\/v2\/media?parent=3453"}],"wp:term":[{"taxonomy":"category","embeddable":true,"href":"https:\/\/elfaroonline.com.ar\/index.php\/wp-json\/wp\/v2\/categories?post=3453"},{"taxonomy":"post_tag","embeddable":true,"href":"https:\/\/elfaroonline.com.ar\/index.php\/wp-json\/wp\/v2\/tags?post=3453"}],"curies":[{"name":"wp","href":"https:\/\/api.w.org\/{rel}","templated":true}]}}