{"id":3462,"date":"2025-03-16T22:01:36","date_gmt":"2025-03-17T01:01:36","guid":{"rendered":"https:\/\/elfaroonline.com.ar\/?p=3462"},"modified":"2025-03-16T22:01:36","modified_gmt":"2025-03-17T01:01:36","slug":"el-renacer-de-marc-marquez-del-calvario-de-sus-lesiones-a-la-alegria-tras-conquistar-el-motogp-de-argentina","status":"publish","type":"post","link":"https:\/\/elfaroonline.com.ar\/index.php\/2025\/03\/16\/el-renacer-de-marc-marquez-del-calvario-de-sus-lesiones-a-la-alegria-tras-conquistar-el-motogp-de-argentina\/","title":{"rendered":"El renacer de Marc M\u00e1rquez: del calvario de sus lesiones a la alegr\u00eda tras conquistar el MotoGP de Argentina"},"content":{"rendered":"<p class=\"paragraph\" data-mrf-recirculation=\"Links inline\"><b>Marc M\u00e1rquez<\/b>, considerado uno de los mejores pilotos en la historia de <b>MotoGP,<\/b> ha vivido una carrera marcada por <b>momentos de gloria<\/b> y<b> a\u00f1os repletos de dificultades f\u00edsicas<\/b>. El piloto de Cervera, que gan\u00f3<b> ocho t\u00edtulos mundiales<\/b>, incluidos seis campeonatos en la categor\u00eda reina entre 2013 y 2019, pas\u00f3 de ser un dominador absoluto del motociclismo a enfrentar <b>un aut\u00e9ntico calvario de lesiones<\/b> que pusieron en riesgo su carrera e incluso su futuro en las pistas.<\/p>\n<div class=\"news-module\" data-mrf-recirculation=\"IL_Ct0zZTd2RqSjHGMXsLzz7w\" data-testid=\"text-html\" data-mrf-experience=\"IL_Ct0zZTd2RqSjHGMXsLzz7w\">\n<div class=\"recommended-card__info\">Hoy, M\u00e1rquez protagoniza <b>un renacer que lo tiene de vuelta en lo m\u00e1s alto <\/b>de la competici\u00f3n.<\/div>\n<div>El inicio de la trayectoria de M\u00e1rquez en MotoGP fue tan arrollador como impecable. Debut\u00f3 en 2013 y <b>se consagr\u00f3 como el campe\u00f3n m\u00e1s joven de la historia<\/b> de la categor\u00eda, a\u00f1adiendo t\u00edtulos consecutivos en 2013 y 2014. Luego, entre 2016 y 2019, sum\u00f3 otras cuatro coronas que lo catapultaron al estatus de leyenda del motociclismo. Sin embargo, junto con los t\u00edtulos <b>llegaron las ca\u00eddas<\/b>,<b> <\/b>muchas de ellas con consecuencias graves para su salud.<\/div>\n<div>\n<p class=\"paragraph\" data-mrf-recirculation=\"Links inline\">El cuerpo del piloto comenz\u00f3 a sufrir los rigores de su estilo agresivo y arriesgado. En <b>2014<\/b>, mientras practicaba dirt track en Lleida, una modalidad diferente que requiere rodar en pistas de tierra, M\u00e1rquez sufri\u00f3 una<b> fractura en el peron\u00e9 derecho<\/b>. Aunque la lesi\u00f3n no fue severa, lo oblig\u00f3 a perderse los test de pretemporada en Malasia. Sin embargo, esto no detuvo al espa\u00f1ol, quien logr\u00f3 arrancar la temporada en Qatar, ganando el campeonato mundial ese mismo a\u00f1o.<\/p>\n<p class=\"paragraph\" data-mrf-recirculation=\"Links inline\">En <b>2015<\/b>, nuevas lesiones lo llevaron de nuevo al quir\u00f3fano. En abril de ese a\u00f1o, una ca\u00edda mientras entrenaba dirt track le gener\u00f3 <b>una fractura en el quinto metacarpiano de la mano izquierda<\/b>, que requiri\u00f3 la colocaci\u00f3n de una placa de titanio. A finales del mismo a\u00f1o, volvi\u00f3 a romperse el mismo dedo, esta vez mientras se entrenaba en bicicleta.<\/p>\n<p class=\"paragraph\" data-mrf-recirculation=\"Links inline\">A partir de <b>2018<\/b>, las lesiones comenzaron a hacerse m\u00e1s recurrentes y complejas. Durante esa temporada, el piloto<b> lidi\u00f3 con constantes dislocaciones en su hombro izquierdo<\/b>, lo que no impidi\u00f3 que conquistara el campeonato. Al terminar el ciclo, se someti\u00f3 a una operaci\u00f3n para estabilizar esa articulaci\u00f3n, operaci\u00f3n que en 2019 se repiti\u00f3 en el hombro derecho.<\/p>\n<p class=\"paragraph\" data-mrf-recirculation=\"Links inline\"><b>El verdadero calvario inici\u00f3 en 2020<\/b>, en el Gran Premio de Espa\u00f1a en Jerez. M\u00e1rquez sufri\u00f3 una ca\u00edda que le provoc\u00f3 <b>una fractura de h\u00famero<\/b> de su brazo derecho. Lo que parec\u00eda una recuperaci\u00f3n sencilla r\u00e1pidamente se complic\u00f3. Tras someterse a una primera operaci\u00f3n, intent\u00f3 regresar demasiado pronto a competir, lo que<b>llev\u00f3 a una nueva fractura y a una segunda cirug\u00eda<\/b>. A finales de ese a\u00f1o, una infecci\u00f3n en la zona afectada y la lenta consolidaci\u00f3n del hueso obligaron a M\u00e1rquez a pasar por <b>una tercera intervenci\u00f3n<\/b>. Estas lesiones lo dejaron fuera de la mayor parte de la temporada y lo sumieron en un per\u00edodo de incertidumbre sobre su futuro.<\/p>\n<p class=\"paragraph\" data-mrf-recirculation=\"Links inline\">En 2021, cuando parec\u00eda que estaba cerca de una recuperaci\u00f3n definitiva, <b>M\u00e1rquez sufri\u00f3 un episodio de diplop\u00eda<\/b> (visi\u00f3n doble) tras un accidente durante un entrenamiento. Este problema visual, que<b> ya hab\u00eda padecido en 2011<\/b>, lo oblig\u00f3 a detener nuevamente su actividad.<\/p>\n<p class=\"paragraph\" data-mrf-recirculation=\"Links inline\">En 2022, experiment\u00f3 una reca\u00edda con su vista y, paralelamente, <b>sus limitaciones f\u00edsicas en el brazo derecho persist\u00edan<\/b>. Decidi\u00f3 someterse a una cuarta cirug\u00eda para intentar recuperar la movilidad perdida.<\/p>\n<p class=\"paragraph\" data-mrf-recirculation=\"Links inline\">En marzo de <b>2023<\/b>, cuando parec\u00eda que hab\u00eda superado los peores a\u00f1os, <b>M\u00e1rquez sufri\u00f3 una nueva fractura<\/b>, esta vez en el primer metacarpiano de su mano derecha, tras <b>un choque con Miguel Oliveira en el Gran Premio de Portugal.<\/b> Fue operado nuevamente para fijar la fractura con dos tornillos. Sin embargo, lejos de rendirse, el piloto de Cervera mostr\u00f3 signos claros de recuperaci\u00f3n y determinaci\u00f3n durante esta temporada.<\/p>\n<p class=\"paragraph\" data-mrf-recirculation=\"Links inline\">Tras un a\u00f1o de pruebas y puestas apunto con Gresini Racing, al que se uni\u00f3 despu\u00e9s abandonar Honda (equipo en el que estuvo 10 a\u00f1os) lleg\u00f3 a Ducati Lenovo Team: \u201c<b>Estoy realmente feliz de poder dar este gran paso a partir de 2025<\/b> y agradecido por la confianza que Ducati ha depositado en m\u00ed. Finalmente, quiero agradecer a Nadia, Carlo, Michele y toda la familia Gresini Racing por abrirme la puerta de su equipo en un momento delicado de mi carrera. Ahora seguiremos divirti\u00e9ndonos y dando lo mejor de nosotros en lo que queda de temporada, que es mi prioridad en este momento\u201d.<\/p>\n<p class=\"paragraph\" data-mrf-recirculation=\"Links inline\">Y as\u00ed fue; <b>el Gran Premio de Tailandia marc\u00f3 un nuevo cap\u00edtulo<\/b> en la vida deportiva de M\u00e1rquez: no solo se llev\u00f3 el primer puesto en la carrera, sino que demostr\u00f3 que su talento sigue intacto, clasific\u00e1ndose por delante de su hermano \u00c1lex M\u00e1rquez. Este logro, sumado a<b> sus excelentes resultados batiendo r\u00e9cords en Termas de R\u00edo Hondo<\/b> en Argentina y qued\u00e1ndose con el primer lugar nuevamente por delante de su hermano, se percibe como<b> un renacer en MotoGP<\/b>. Despu\u00e9s de a\u00f1os de sombras, el piloto encontr\u00f3 en 2025 un camino para volver a competir al m\u00e1s alto nivel, regalo que muchos aficionados esperaban con ansias.<\/p>\n<p class=\"paragraph\" data-mrf-recirculation=\"Links inline\">Marc M\u00e1rquez es m\u00e1s que un piloto, es <b>una figura legendaria que revolucion\u00f3 el motociclismo<\/b>. Su estilo agresivo dentro de la pista y su capacidad para recuperarse antes de lo esperado lo convirtieron en un ejemplo de resiliencia y pasi\u00f3n. Aunque las lesiones no respetaron su carrera, el espa\u00f1ol demostr\u00f3 que posee la capacidad de reinventarse una y otra vez.<\/p>\n<p class=\"paragraph\" data-mrf-recirculation=\"Links inline\">Hoy, con la posibilidad del retiro cada vez m\u00e1s lejos, <b>M\u00e1rquez sigue escribiendo su historia en MotoGP<\/b>.<\/p>\n<\/div>\n<\/div>\n","protected":false},"excerpt":{"rendered":"<p>Marc M\u00e1rquez, considerado uno de los mejores pilotos en la historia de MotoGP, ha vivido una carrera marcada por momentos de gloria y a\u00f1os repletos de dificultades f\u00edsicas. El piloto de Cervera, que gan\u00f3 ocho t\u00edtulos mundiales, incluidos seis campeonatos en la categor\u00eda reina entre 2013 y 2019, pas\u00f3 de ser un dominador absoluto del [&hellip;]<\/p>\n","protected":false},"author":2,"featured_media":3463,"comment_status":"open","ping_status":"open","sticky":false,"template":"","format":"standard","meta":{"footnotes":""},"categories":[25],"tags":[],"class_list":{"0":"post-3462","1":"post","2":"type-post","3":"status-publish","4":"format-standard","5":"has-post-thumbnail","7":"category-deportes"},"aioseo_notices":[],"_links":{"self":[{"href":"https:\/\/elfaroonline.com.ar\/index.php\/wp-json\/wp\/v2\/posts\/3462","targetHints":{"allow":["GET"]}}],"collection":[{"href":"https:\/\/elfaroonline.com.ar\/index.php\/wp-json\/wp\/v2\/posts"}],"about":[{"href":"https:\/\/elfaroonline.com.ar\/index.php\/wp-json\/wp\/v2\/types\/post"}],"author":[{"embeddable":true,"href":"https:\/\/elfaroonline.com.ar\/index.php\/wp-json\/wp\/v2\/users\/2"}],"replies":[{"embeddable":true,"href":"https:\/\/elfaroonline.com.ar\/index.php\/wp-json\/wp\/v2\/comments?post=3462"}],"version-history":[{"count":1,"href":"https:\/\/elfaroonline.com.ar\/index.php\/wp-json\/wp\/v2\/posts\/3462\/revisions"}],"predecessor-version":[{"id":3464,"href":"https:\/\/elfaroonline.com.ar\/index.php\/wp-json\/wp\/v2\/posts\/3462\/revisions\/3464"}],"wp:featuredmedia":[{"embeddable":true,"href":"https:\/\/elfaroonline.com.ar\/index.php\/wp-json\/wp\/v2\/media\/3463"}],"wp:attachment":[{"href":"https:\/\/elfaroonline.com.ar\/index.php\/wp-json\/wp\/v2\/media?parent=3462"}],"wp:term":[{"taxonomy":"category","embeddable":true,"href":"https:\/\/elfaroonline.com.ar\/index.php\/wp-json\/wp\/v2\/categories?post=3462"},{"taxonomy":"post_tag","embeddable":true,"href":"https:\/\/elfaroonline.com.ar\/index.php\/wp-json\/wp\/v2\/tags?post=3462"}],"curies":[{"name":"wp","href":"https:\/\/api.w.org\/{rel}","templated":true}]}}