{"id":3465,"date":"2025-03-16T22:05:57","date_gmt":"2025-03-17T01:05:57","guid":{"rendered":"https:\/\/elfaroonline.com.ar\/?p=3465"},"modified":"2025-03-16T22:05:57","modified_gmt":"2025-03-17T01:05:57","slug":"boca-juniors-goleo-4-0-a-defensa-y-justicia-en-la-bombonera-y-es-el-puntero-del-campeonato","status":"publish","type":"post","link":"https:\/\/elfaroonline.com.ar\/index.php\/2025\/03\/16\/boca-juniors-goleo-4-0-a-defensa-y-justicia-en-la-bombonera-y-es-el-puntero-del-campeonato\/","title":{"rendered":"Boca Juniors gole\u00f3 4-0 a Defensa y Justicia en La Bombonera y es el puntero del campeonato"},"content":{"rendered":"<div class=\"body-blogging-article \">\n<p class=\"paragraph\"><b>Boca Juniors<\/b> logr\u00f3 una contundente victoria por <b>4-0<\/b> ante <b>Defensa y Justicia<\/b> en <b>La Bombonera<\/b>, en el marco del <b>Torneo Apertura de la Liga Profesional<\/b>. Con este resultado, el equipo dirigido por <b>Fernando Gago<\/b> se ubica como \u00fanico l\u00edder de la <b>Zona A<\/b>. Los goles del encuentro fueron convertidos por <b>Milton Gim\u00e9nez<\/b>, en dos oportunidades, <b>Edinson Cavani<\/b> y <b>Miguel Merentiel<\/b>. El Xeneize mostr\u00f3 su mejor versi\u00f3n desde la llegada del entrenador y domin\u00f3 ampliamente al equipo de <b>Florencio Varela<\/b>.<\/p>\n<\/div>\n<div class=\"body-blogging-article \">\n<p class=\"paragraph\">Desde el inicio, Boca tom\u00f3 la iniciativa y abri\u00f3 el marcador con un tanto de Cavani tras una asistencia de Gim\u00e9nez. A pesar de una leve reacci\u00f3n del Halc\u00f3n, que tuvo algunas aproximaciones, Gim\u00e9nez ampli\u00f3 la ventaja con un potente remate. En el segundo tiempo, el Xeneize consolid\u00f3 su dominio y cerr\u00f3 la goleada con otro gol de Gim\u00e9nez y un tanto de Merentiel. El encuentro termin\u00f3 con alta tensi\u00f3n debido a un cruce entre jugadores de ambos equipos en los minutos finales, pero no pas\u00f3 a mayores.<\/p>\n<\/div>\n<div class=\"body-blogging-article \">\n<p class=\"paragraph\">Con esta victoria, Boca alcanza la cima de su grupo y se afianza como uno de los candidatos en el torneo, mientras que Defensa y Justicia se mantiene en la sexta posici\u00f3n, dentro de los puestos de clasificaci\u00f3n a los playoffs.<\/p>\n<\/div>\n","protected":false},"excerpt":{"rendered":"<p>Boca Juniors logr\u00f3 una contundente victoria por 4-0 ante Defensa y Justicia en La Bombonera, en el marco del Torneo Apertura de la Liga Profesional. Con este resultado, el equipo dirigido por Fernando Gago se ubica como \u00fanico l\u00edder de la Zona A. Los goles del encuentro fueron convertidos por Milton Gim\u00e9nez, en dos oportunidades, [&hellip;]<\/p>\n","protected":false},"author":2,"featured_media":3467,"comment_status":"open","ping_status":"open","sticky":false,"template":"","format":"standard","meta":{"footnotes":""},"categories":[25],"tags":[],"class_list":{"0":"post-3465","1":"post","2":"type-post","3":"status-publish","4":"format-standard","5":"has-post-thumbnail","7":"category-deportes"},"aioseo_notices":[],"_links":{"self":[{"href":"https:\/\/elfaroonline.com.ar\/index.php\/wp-json\/wp\/v2\/posts\/3465","targetHints":{"allow":["GET"]}}],"collection":[{"href":"https:\/\/elfaroonline.com.ar\/index.php\/wp-json\/wp\/v2\/posts"}],"about":[{"href":"https:\/\/elfaroonline.com.ar\/index.php\/wp-json\/wp\/v2\/types\/post"}],"author":[{"embeddable":true,"href":"https:\/\/elfaroonline.com.ar\/index.php\/wp-json\/wp\/v2\/users\/2"}],"replies":[{"embeddable":true,"href":"https:\/\/elfaroonline.com.ar\/index.php\/wp-json\/wp\/v2\/comments?post=3465"}],"version-history":[{"count":1,"href":"https:\/\/elfaroonline.com.ar\/index.php\/wp-json\/wp\/v2\/posts\/3465\/revisions"}],"predecessor-version":[{"id":3468,"href":"https:\/\/elfaroonline.com.ar\/index.php\/wp-json\/wp\/v2\/posts\/3465\/revisions\/3468"}],"wp:featuredmedia":[{"embeddable":true,"href":"https:\/\/elfaroonline.com.ar\/index.php\/wp-json\/wp\/v2\/media\/3467"}],"wp:attachment":[{"href":"https:\/\/elfaroonline.com.ar\/index.php\/wp-json\/wp\/v2\/media?parent=3465"}],"wp:term":[{"taxonomy":"category","embeddable":true,"href":"https:\/\/elfaroonline.com.ar\/index.php\/wp-json\/wp\/v2\/categories?post=3465"},{"taxonomy":"post_tag","embeddable":true,"href":"https:\/\/elfaroonline.com.ar\/index.php\/wp-json\/wp\/v2\/tags?post=3465"}],"curies":[{"name":"wp","href":"https:\/\/api.w.org\/{rel}","templated":true}]}}