{"id":348,"date":"2024-04-27T17:40:15","date_gmt":"2024-04-27T20:40:15","guid":{"rendered":"https:\/\/elfaroonline.com.ar\/?p=348"},"modified":"2024-04-27T17:40:15","modified_gmt":"2024-04-27T20:40:15","slug":"secuestran-droga-y-detienen-a-un-joven-en-belen","status":"publish","type":"post","link":"https:\/\/elfaroonline.com.ar\/index.php\/2024\/04\/27\/secuestran-droga-y-detienen-a-un-joven-en-belen\/","title":{"rendered":"Secuestran droga y detienen a un joven en Bel\u00e9n"},"content":{"rendered":"<p class=\"v1MsoNormal\">Conforme a tareas investigativas realizadas por una supuesta infracci\u00f3n a la Ley Nacional de Estupefacientes N\u00ba 23.737, bajo las directivas del Juzgado Federal, a cargo del Dr. Miguel \u00c1ngel Contreras, personal del <b>Grupo Antinarc\u00f3ticos de Unidades Regionales (GAUR-Bel\u00e9n),<\/b> cumpliment\u00f3 un allanamiento de morada en un domicilio ubicado en el barrio 250 viviendas, de la Ciudad de Bel\u00e9n, Departamento Hom\u00f3nimo.<\/p>\n<p class=\"v1MsoNormal\">Al finalizar con la medida Judicial, los polic\u00edas secuestraron Marihuana, apta para preparar unas 40 dosis, una (01) planta de la variedad Cannabis Sativa de unos 60 cm., de altura aproximadamente, que estaba siendo cultivada, dos (02) tel\u00e9fonos celulares Samsung J2 y Core 4, una (01) balanza de precisi\u00f3n, una (01) motocicleta Corven Mirage roja 110 cc., y la suma de trece mil pesos ($13.000) en efectivo.<\/p>\n<p class=\"v1MsoNormal\">Finalmente, los investigadores procedieron a la detenci\u00f3n de un hombre de 33 a\u00f1os de edad, quien fue puesto a disposici\u00f3n de la Justicia interviniente, desde donde se impartieron las medidas a seguir.<\/p>\n","protected":false},"excerpt":{"rendered":"<p>Conforme a tareas investigativas realizadas por una supuesta infracci\u00f3n a la Ley Nacional de Estupefacientes N\u00ba 23.737, bajo las directivas del Juzgado Federal, a cargo del Dr. Miguel \u00c1ngel Contreras, personal del Grupo Antinarc\u00f3ticos de Unidades Regionales (GAUR-Bel\u00e9n), cumpliment\u00f3 un allanamiento de morada en un domicilio ubicado en el barrio 250 viviendas, de la Ciudad [&hellip;]<\/p>\n","protected":false},"author":2,"featured_media":349,"comment_status":"open","ping_status":"open","sticky":false,"template":"","format":"standard","meta":{"footnotes":""},"categories":[27],"tags":[],"class_list":{"0":"post-348","1":"post","2":"type-post","3":"status-publish","4":"format-standard","5":"has-post-thumbnail","7":"category-policiales"},"aioseo_notices":[],"_links":{"self":[{"href":"https:\/\/elfaroonline.com.ar\/index.php\/wp-json\/wp\/v2\/posts\/348","targetHints":{"allow":["GET"]}}],"collection":[{"href":"https:\/\/elfaroonline.com.ar\/index.php\/wp-json\/wp\/v2\/posts"}],"about":[{"href":"https:\/\/elfaroonline.com.ar\/index.php\/wp-json\/wp\/v2\/types\/post"}],"author":[{"embeddable":true,"href":"https:\/\/elfaroonline.com.ar\/index.php\/wp-json\/wp\/v2\/users\/2"}],"replies":[{"embeddable":true,"href":"https:\/\/elfaroonline.com.ar\/index.php\/wp-json\/wp\/v2\/comments?post=348"}],"version-history":[{"count":1,"href":"https:\/\/elfaroonline.com.ar\/index.php\/wp-json\/wp\/v2\/posts\/348\/revisions"}],"predecessor-version":[{"id":350,"href":"https:\/\/elfaroonline.com.ar\/index.php\/wp-json\/wp\/v2\/posts\/348\/revisions\/350"}],"wp:featuredmedia":[{"embeddable":true,"href":"https:\/\/elfaroonline.com.ar\/index.php\/wp-json\/wp\/v2\/media\/349"}],"wp:attachment":[{"href":"https:\/\/elfaroonline.com.ar\/index.php\/wp-json\/wp\/v2\/media?parent=348"}],"wp:term":[{"taxonomy":"category","embeddable":true,"href":"https:\/\/elfaroonline.com.ar\/index.php\/wp-json\/wp\/v2\/categories?post=348"},{"taxonomy":"post_tag","embeddable":true,"href":"https:\/\/elfaroonline.com.ar\/index.php\/wp-json\/wp\/v2\/tags?post=348"}],"curies":[{"name":"wp","href":"https:\/\/api.w.org\/{rel}","templated":true}]}}