{"id":3517,"date":"2025-03-23T21:33:12","date_gmt":"2025-03-24T00:33:12","guid":{"rendered":"https:\/\/elfaroonline.com.ar\/?p=3517"},"modified":"2025-03-23T21:33:12","modified_gmt":"2025-03-24T00:33:12","slug":"siniestro-vial-fatal-en-belen","status":"publish","type":"post","link":"https:\/\/elfaroonline.com.ar\/index.php\/2025\/03\/23\/siniestro-vial-fatal-en-belen\/","title":{"rendered":"Siniestro vial fatal en Bel\u00e9n"},"content":{"rendered":"<p class=\"v1MsoNormal\">Ayer , a las <b>07:00<\/b>, en inmediaciones a la esquina de la avenida Virgen de Bel\u00e9n y calle Artaza, de la Ciudad de Bel\u00e9n, Departamento Hom\u00f3nimo, se registr\u00f3 un siniestro vial.<\/p>\n<p class=\"v1MsoNormal\"><b>\u00c1ngel Emanuel Sahonero (22)<\/b>, circulaba en una camioneta Renault Kangoo, dominio JWW-800, y por causas que se\u00a0 investigan colision\u00f3 con una motocicleta Honda CB Twister gris 125 cc., dominio A199PVM, al mando de <b>Patricio Daniel Monta\u00f1o (24)<\/b>.<\/p>\n<p class=\"v1MsoNormal\">Producto del siniestro y a ra\u00edz de las graves lesiones sufridas, el conductor del rodado menor perdi\u00f3 la vida en el acto, por lo que efectivos de la <b>Comisar\u00eda Departamental Bel\u00e9n<\/b> labraron las actuaciones de rigor, bajo las directivas de la Fiscal\u00eda de la Tercera Circunscripci\u00f3n Judicial.<\/p>\n","protected":false},"excerpt":{"rendered":"<p>Ayer , a las 07:00, en inmediaciones a la esquina de la avenida Virgen de Bel\u00e9n y calle Artaza, de la Ciudad de Bel\u00e9n, Departamento Hom\u00f3nimo, se registr\u00f3 un siniestro vial. \u00c1ngel Emanuel Sahonero (22), circulaba en una camioneta Renault Kangoo, dominio JWW-800, y por causas que se\u00a0 investigan colision\u00f3 con una motocicleta Honda CB [&hellip;]<\/p>\n","protected":false},"author":2,"featured_media":3518,"comment_status":"open","ping_status":"open","sticky":false,"template":"","format":"standard","meta":{"footnotes":""},"categories":[27],"tags":[],"class_list":{"0":"post-3517","1":"post","2":"type-post","3":"status-publish","4":"format-standard","5":"has-post-thumbnail","7":"category-policiales"},"aioseo_notices":[],"_links":{"self":[{"href":"https:\/\/elfaroonline.com.ar\/index.php\/wp-json\/wp\/v2\/posts\/3517","targetHints":{"allow":["GET"]}}],"collection":[{"href":"https:\/\/elfaroonline.com.ar\/index.php\/wp-json\/wp\/v2\/posts"}],"about":[{"href":"https:\/\/elfaroonline.com.ar\/index.php\/wp-json\/wp\/v2\/types\/post"}],"author":[{"embeddable":true,"href":"https:\/\/elfaroonline.com.ar\/index.php\/wp-json\/wp\/v2\/users\/2"}],"replies":[{"embeddable":true,"href":"https:\/\/elfaroonline.com.ar\/index.php\/wp-json\/wp\/v2\/comments?post=3517"}],"version-history":[{"count":1,"href":"https:\/\/elfaroonline.com.ar\/index.php\/wp-json\/wp\/v2\/posts\/3517\/revisions"}],"predecessor-version":[{"id":3519,"href":"https:\/\/elfaroonline.com.ar\/index.php\/wp-json\/wp\/v2\/posts\/3517\/revisions\/3519"}],"wp:featuredmedia":[{"embeddable":true,"href":"https:\/\/elfaroonline.com.ar\/index.php\/wp-json\/wp\/v2\/media\/3518"}],"wp:attachment":[{"href":"https:\/\/elfaroonline.com.ar\/index.php\/wp-json\/wp\/v2\/media?parent=3517"}],"wp:term":[{"taxonomy":"category","embeddable":true,"href":"https:\/\/elfaroonline.com.ar\/index.php\/wp-json\/wp\/v2\/categories?post=3517"},{"taxonomy":"post_tag","embeddable":true,"href":"https:\/\/elfaroonline.com.ar\/index.php\/wp-json\/wp\/v2\/tags?post=3517"}],"curies":[{"name":"wp","href":"https:\/\/api.w.org\/{rel}","templated":true}]}}