{"id":353,"date":"2024-04-29T23:21:21","date_gmt":"2024-04-30T02:21:21","guid":{"rendered":"https:\/\/elfaroonline.com.ar\/?p=353"},"modified":"2024-04-29T23:21:21","modified_gmt":"2024-04-30T02:21:21","slug":"dia-del-trabajador-con-locro-y-folklore-en-la-casa-de-la-puna","status":"publish","type":"post","link":"https:\/\/elfaroonline.com.ar\/index.php\/2024\/04\/29\/dia-del-trabajador-con-locro-y-folklore-en-la-casa-de-la-puna\/","title":{"rendered":"D\u00eda del Trabajador con locro y folklore en la Casa de la Puna"},"content":{"rendered":"<div>Con una variada propuesta gastron\u00f3mica y cultural, la Casa de la Puna se apresta a vivir este mi\u00e9rcoles 1 de mayo una gran fiesta para compartir en familia y con amigos, celebrando el d\u00eda del trabajador. Es por ello que, en el espacio ubicado en Avenida Recalde y calle Padre Dagostino, se podr\u00e1 disfrutar del tradicional locro, entre otras propuestas gastron\u00f3micas, como as\u00ed tambi\u00e9n de una gran cartelera de artistas.<\/div>\n<div class=\"v1elementToProof\">De esta forma, desde 13 horas, actuar\u00e1n los Hermanos Rodr\u00edguez, adem\u00e1s de los anfitriones de la Casa, Rafa Salas y Luis Baz\u00e1n, junto a otros artistas invitados. Las reservas se podr\u00e1n realizar comunic\u00e1ndose al <a href=\"tel:383-4350809\">383-4350809<\/a> o al <a href=\"tel:383-4690003\">383-4690003<\/a> (solo whats app) y en el lugar se cobrar\u00e1 un derecho de espect\u00e1culo de $2.000.<\/div>\n<div>&#8220;A trav\u00e9s de esta propuesta art\u00edstica y gastron\u00f3mica que realizamos en conjunto entre el sector p\u00fablico y privado, tratamos de generar una mejor oferta tur\u00edstica en la ciudad, tanto para los residentes, como as\u00ed tambi\u00e9n para los turistas. Nuestra intenci\u00f3n es que la gente consuma m\u00e1s servicios y productos locales, y de esta forma se genere un impacto econ\u00f3mico positivo en la ciudad&#8221;, afirm\u00f3 el Director de Turismo de la Municipalidad de la Capital, Gustavo Yurquina.<\/div>\n<div class=\"v1elementToProof\">En tanto que los Hermanos Rodr\u00edguez remarcaron el agradecimiento al municipio por participar de este espacio. &#8220;Estamos muy contentos de estar presentes. Creemos que ser\u00e1 un ambiente familiar. Los esperamos para cantar, bailar, y pasar gratos momentos, festejando a pleno el d\u00eda del trabajador&#8221;, se\u00f1alaron.<\/div>\n<div class=\"v1elementToProof\">Por su parte, Rafa Salas manifest\u00f3: &#8220;Hace un tiempo que estamos trabajando junto a Luis Baz\u00e1n para desarrollar estos espect\u00e1culos en la Casa de la Puna, y decidimos celebrar este d\u00eda del trabajador con esta gran propuesta. Admiramos a los Hermanos Rodr\u00edguez, por eso los convocamos y adem\u00e1s estar\u00e1n otros artistas invitados. El lugar esta hermoso y est\u00e1n todos invitados&#8221;.<\/div>\n<div class=\"v1elementToProof\">En tanto que Mat\u00edas Gim\u00e9nez, del emprendimiento Achalay Empanadas, anticip\u00f3 que est\u00e1n preparando de la mejor manera el locro para esa jornada tan especial. &#8220;Sabemos que el p\u00fablico es exigente y siempre tenemos buenos comentarios, gracias a Dios, de nuestros productos. Adem\u00e1s, habr\u00e1 otros platos tradicionales y vinos regionales, entre otras alternativas&#8221;, se\u00f1al\u00f3 Gim\u00e9nez.<\/div>\n<div><b>Este s\u00e1bado habr\u00e1 Feria y se anuncian nuevos d\u00edas para disfrutar de la Casa de la Puna<\/b><\/div>\n<div>Recordamos que tambi\u00e9n, en la Casa de la Puna, los d\u00edas viernes continuar\u00e1n la<br \/>\nPe\u00f1a Estable, y este s\u00e1bado adem\u00e1s vuelve la Feria de Artesan\u00eda y Dise\u00f1o SFVC desde las 15,30 horas, con la presencia de emprendedores y artesanos de diferentes rubros para ofrecer sus productos y pasar una hermosa tarde, con todas las comodidades que nos ofrece el lugar. Para ello se recomienda llevar equipo de mate.<\/div>\n<div class=\"v1elementToProof\">Por otra parte, tambi\u00e9n se anunci\u00f3 que la propuesta gastron\u00f3mica en la Casa de la Puna ampliar\u00e1 la cantidad de d\u00edas para que los turistas y residentes puedan pasar grandes momentos. Es as\u00ed que funcionar\u00e1, desde esta semana, los jueves y viernes desde 22 horas, y los s\u00e1bados y domingo al mediod\u00eda.<\/div>\n<div class=\"v1elementToProof\">Recordamos que todas estas actividades son impulsadas la Municipalidad de la Capital a trav\u00e9s de la Secretar\u00eda de Turismo y Desarrollo Econ\u00f3mico. Adem\u00e1s, todas las propuestas tur\u00edsticas de la ciudad la pueden conocer en www.sfvc.travel y en las redes sociales: SFVC Turismo.<\/div>\n","protected":false},"excerpt":{"rendered":"<p>Con una variada propuesta gastron\u00f3mica y cultural, la Casa de la Puna se apresta a vivir este mi\u00e9rcoles 1 de mayo una gran fiesta para compartir en familia y con amigos, celebrando el d\u00eda del trabajador. Es por ello que, en el espacio ubicado en Avenida Recalde y calle Padre Dagostino, se podr\u00e1 disfrutar del [&hellip;]<\/p>\n","protected":false},"author":2,"featured_media":354,"comment_status":"open","ping_status":"open","sticky":false,"template":"","format":"standard","meta":{"footnotes":""},"categories":[20],"tags":[],"class_list":{"0":"post-353","1":"post","2":"type-post","3":"status-publish","4":"format-standard","5":"has-post-thumbnail","7":"category-sociedad"},"aioseo_notices":[],"_links":{"self":[{"href":"https:\/\/elfaroonline.com.ar\/index.php\/wp-json\/wp\/v2\/posts\/353","targetHints":{"allow":["GET"]}}],"collection":[{"href":"https:\/\/elfaroonline.com.ar\/index.php\/wp-json\/wp\/v2\/posts"}],"about":[{"href":"https:\/\/elfaroonline.com.ar\/index.php\/wp-json\/wp\/v2\/types\/post"}],"author":[{"embeddable":true,"href":"https:\/\/elfaroonline.com.ar\/index.php\/wp-json\/wp\/v2\/users\/2"}],"replies":[{"embeddable":true,"href":"https:\/\/elfaroonline.com.ar\/index.php\/wp-json\/wp\/v2\/comments?post=353"}],"version-history":[{"count":1,"href":"https:\/\/elfaroonline.com.ar\/index.php\/wp-json\/wp\/v2\/posts\/353\/revisions"}],"predecessor-version":[{"id":355,"href":"https:\/\/elfaroonline.com.ar\/index.php\/wp-json\/wp\/v2\/posts\/353\/revisions\/355"}],"wp:featuredmedia":[{"embeddable":true,"href":"https:\/\/elfaroonline.com.ar\/index.php\/wp-json\/wp\/v2\/media\/354"}],"wp:attachment":[{"href":"https:\/\/elfaroonline.com.ar\/index.php\/wp-json\/wp\/v2\/media?parent=353"}],"wp:term":[{"taxonomy":"category","embeddable":true,"href":"https:\/\/elfaroonline.com.ar\/index.php\/wp-json\/wp\/v2\/categories?post=353"},{"taxonomy":"post_tag","embeddable":true,"href":"https:\/\/elfaroonline.com.ar\/index.php\/wp-json\/wp\/v2\/tags?post=353"}],"curies":[{"name":"wp","href":"https:\/\/api.w.org\/{rel}","templated":true}]}}