{"id":3536,"date":"2025-03-25T07:35:02","date_gmt":"2025-03-25T10:35:02","guid":{"rendered":"https:\/\/elfaroonline.com.ar\/?p=3536"},"modified":"2025-03-25T07:35:02","modified_gmt":"2025-03-25T10:35:02","slug":"comunicado-de-la-jefatura-de-policia-ante-la-detencion-de-un-miembro-de-la-fuerza-acusado-de-integrar-una-banda-de-estafadores","status":"publish","type":"post","link":"https:\/\/elfaroonline.com.ar\/index.php\/2025\/03\/25\/comunicado-de-la-jefatura-de-policia-ante-la-detencion-de-un-miembro-de-la-fuerza-acusado-de-integrar-una-banda-de-estafadores\/","title":{"rendered":"Comunicado de la Jefatura de Polic\u00eda ante la detenci\u00f3n de un miembro de la fuerza acusado de integrar una banda de estafadores"},"content":{"rendered":"<p class=\"v1MsoNormal\">La Jefatura de Polic\u00eda de la Provincia informa a la comunidad, sobre las medidas que se est\u00e1n tomando en relaci\u00f3n a los hechos de p\u00fablico conocimiento, que involucran a efectivos policiales.<\/p>\n<p class=\"v1MsoNormal\">En tal sentido, esta Jefatura bajo \u00f3rdenes estrictas del Ministerio de Seguridad, asegura que colaborar\u00e1 plenamente con la Justicia para esclarecer los hechos y determinar las sanciones correspondientes.<\/p>\n","protected":false},"excerpt":{"rendered":"<p>La Jefatura de Polic\u00eda de la Provincia informa a la comunidad, sobre las medidas que se est\u00e1n tomando en relaci\u00f3n a los hechos de p\u00fablico conocimiento, que involucran a efectivos policiales. En tal sentido, esta Jefatura bajo \u00f3rdenes estrictas del Ministerio de Seguridad, asegura que colaborar\u00e1 plenamente con la Justicia para esclarecer los hechos y [&hellip;]<\/p>\n","protected":false},"author":2,"featured_media":3537,"comment_status":"open","ping_status":"open","sticky":false,"template":"","format":"standard","meta":{"footnotes":""},"categories":[23,27],"tags":[],"class_list":{"0":"post-3536","1":"post","2":"type-post","3":"status-publish","4":"format-standard","5":"has-post-thumbnail","7":"category-destacados","8":"category-policiales"},"aioseo_notices":[],"_links":{"self":[{"href":"https:\/\/elfaroonline.com.ar\/index.php\/wp-json\/wp\/v2\/posts\/3536","targetHints":{"allow":["GET"]}}],"collection":[{"href":"https:\/\/elfaroonline.com.ar\/index.php\/wp-json\/wp\/v2\/posts"}],"about":[{"href":"https:\/\/elfaroonline.com.ar\/index.php\/wp-json\/wp\/v2\/types\/post"}],"author":[{"embeddable":true,"href":"https:\/\/elfaroonline.com.ar\/index.php\/wp-json\/wp\/v2\/users\/2"}],"replies":[{"embeddable":true,"href":"https:\/\/elfaroonline.com.ar\/index.php\/wp-json\/wp\/v2\/comments?post=3536"}],"version-history":[{"count":1,"href":"https:\/\/elfaroonline.com.ar\/index.php\/wp-json\/wp\/v2\/posts\/3536\/revisions"}],"predecessor-version":[{"id":3538,"href":"https:\/\/elfaroonline.com.ar\/index.php\/wp-json\/wp\/v2\/posts\/3536\/revisions\/3538"}],"wp:featuredmedia":[{"embeddable":true,"href":"https:\/\/elfaroonline.com.ar\/index.php\/wp-json\/wp\/v2\/media\/3537"}],"wp:attachment":[{"href":"https:\/\/elfaroonline.com.ar\/index.php\/wp-json\/wp\/v2\/media?parent=3536"}],"wp:term":[{"taxonomy":"category","embeddable":true,"href":"https:\/\/elfaroonline.com.ar\/index.php\/wp-json\/wp\/v2\/categories?post=3536"},{"taxonomy":"post_tag","embeddable":true,"href":"https:\/\/elfaroonline.com.ar\/index.php\/wp-json\/wp\/v2\/tags?post=3536"}],"curies":[{"name":"wp","href":"https:\/\/api.w.org\/{rel}","templated":true}]}}