{"id":3542,"date":"2025-03-25T07:36:03","date_gmt":"2025-03-25T10:36:03","guid":{"rendered":"https:\/\/elfaroonline.com.ar\/?p=3542"},"modified":"2025-03-25T07:36:03","modified_gmt":"2025-03-25T10:36:03","slug":"miles-de-personas-se-movilizaron-a-plaza-de-mayo-a-49-anos-del-ultimo-golpe-de-estado","status":"publish","type":"post","link":"https:\/\/elfaroonline.com.ar\/index.php\/2025\/03\/25\/miles-de-personas-se-movilizaron-a-plaza-de-mayo-a-49-anos-del-ultimo-golpe-de-estado\/","title":{"rendered":"Miles de personas se movilizaron a Plaza de Mayo a 49 a\u00f1os del \u00faltimo Golpe de Estado"},"content":{"rendered":"<p><strong>Bajo la consigna &#8220;La memoria contra el negacionismo&#8221;, organismos de Derechos Humanos<\/strong> y <strong>agrupaciones<\/strong> de diferentes <strong>partidos pol\u00edticos, desde el Partido Justicialista hasta la Uni\u00f3n C\u00edvica Radical y la izquierda,<\/strong> realizaron este <strong>lunes 24 de marzo<\/strong>la habitual movilizaci\u00f3n por el<strong> d\u00eda de la memoria, verdad y justicia <\/strong>en el <strong>49\u00ba aniversario<\/strong> del golpe de <strong>1976.<\/strong><\/p>\n<p>Por primera vez en 19 a\u00f1os, las organizaciones y las agrupaciones pol\u00edticas marcharon juntos y bajo las mismas consignas.<\/p>\n<article class=\"article-body article-body--third-paragraph content-protected-false\">Ante miles de personas, las <strong>Madres de Plaza de Mayo<\/strong> Elia Espen y Taty Almeida; la referente principal de Abuelas, Estela de Carlotto, y el Nobel de la Paz, Adolfo P\u00e9rez Esquivel leyeron el documento consensuado.<\/article>\n<article class=\"article-body article-body--fourth-paragraph content-protected-false\">&#8220;Seguimos buscando a nuestros hijos y nietos. Necesitamos de toda la sociedad para encontrarlos. Nunca es tarde&#8221;, dijo Carlotto en la apertura del acto de esta tarde, y les pidi\u00f3 a quienes tengan dudas &#8220;que se animen acercarse a la verdad&#8221;. <strong>&#8220;En esta larga lucha llevamos 139 casos resueltos&#8221;<\/strong>, celebr\u00f3 la titular de Abuelas, ante el aplauso de los presentes.<strong>\u201cEl Estado debe garantizar la restituci\u00f3n de la identidad de los nietos y nietas\u201d<\/strong>, continu\u00f3 la referenta de los derechos humanos, en una cr\u00edtica directa hacia el desguace de las pol\u00edticas estatales que lleva adelante la administraci\u00f3n libertaria.<strong> \u201cLuchamos para restituir la identidad a los cientos de beb\u00e9s robados por la dictadura. La apropiaci\u00f3n es desaparici\u00f3n forzada y hasta tanto no se conozca la verdadera identidad se sigue cometiendo\u201d<\/strong>, afirm\u00f3.<\/p>\n<p>En tanto, las organizaciones convocantes tambi\u00e9n se\u00f1alaron que &#8220;en el camino de los y las 30.000 seguimos levantando sus banderas de lucha contra la injusticia y la desigualdad y le decimos a (Javier) Milei y a (Victoria) Villarruel: el pueblo unido jam\u00e1s ser\u00e1 vencido&#8221;.<\/p>\n<p>&#8220;Basta de despidos a los trabajadores del sector p\u00fablico y privado. Rechazamos el intento del gobierno de desmantelar el Estado y de privatizar los servicios y bienes comunes&#8221;, exhortaron.<\/p>\n<p>En el texto le\u00eddo se reclam\u00f3 adem\u00e1s contra la mayor\u00eda de las iniciativas que implement\u00f3 el gobierno libertario en casi un a\u00f1o y medio de gesti\u00f3n, por lo que pidieron &#8220;derogaci\u00f3n del DNU 70\/23, la corrupta Ley Bases, las facultades delegadas y el RIGI&#8221;, entre otros puntos.<\/p>\n<\/article>\n","protected":false},"excerpt":{"rendered":"<p>Bajo la consigna &#8220;La memoria contra el negacionismo&#8221;, organismos de Derechos Humanos y agrupaciones de diferentes partidos pol\u00edticos, desde el Partido Justicialista hasta la Uni\u00f3n C\u00edvica Radical y la izquierda, realizaron este lunes 24 de marzola habitual movilizaci\u00f3n por el d\u00eda de la memoria, verdad y justicia en el 49\u00ba aniversario del golpe de 1976. [&hellip;]<\/p>\n","protected":false},"author":2,"featured_media":3543,"comment_status":"open","ping_status":"open","sticky":false,"template":"","format":"standard","meta":{"footnotes":""},"categories":[22],"tags":[],"class_list":{"0":"post-3542","1":"post","2":"type-post","3":"status-publish","4":"format-standard","5":"has-post-thumbnail","7":"category-nacionales"},"aioseo_notices":[],"_links":{"self":[{"href":"https:\/\/elfaroonline.com.ar\/index.php\/wp-json\/wp\/v2\/posts\/3542","targetHints":{"allow":["GET"]}}],"collection":[{"href":"https:\/\/elfaroonline.com.ar\/index.php\/wp-json\/wp\/v2\/posts"}],"about":[{"href":"https:\/\/elfaroonline.com.ar\/index.php\/wp-json\/wp\/v2\/types\/post"}],"author":[{"embeddable":true,"href":"https:\/\/elfaroonline.com.ar\/index.php\/wp-json\/wp\/v2\/users\/2"}],"replies":[{"embeddable":true,"href":"https:\/\/elfaroonline.com.ar\/index.php\/wp-json\/wp\/v2\/comments?post=3542"}],"version-history":[{"count":2,"href":"https:\/\/elfaroonline.com.ar\/index.php\/wp-json\/wp\/v2\/posts\/3542\/revisions"}],"predecessor-version":[{"id":3548,"href":"https:\/\/elfaroonline.com.ar\/index.php\/wp-json\/wp\/v2\/posts\/3542\/revisions\/3548"}],"wp:featuredmedia":[{"embeddable":true,"href":"https:\/\/elfaroonline.com.ar\/index.php\/wp-json\/wp\/v2\/media\/3543"}],"wp:attachment":[{"href":"https:\/\/elfaroonline.com.ar\/index.php\/wp-json\/wp\/v2\/media?parent=3542"}],"wp:term":[{"taxonomy":"category","embeddable":true,"href":"https:\/\/elfaroonline.com.ar\/index.php\/wp-json\/wp\/v2\/categories?post=3542"},{"taxonomy":"post_tag","embeddable":true,"href":"https:\/\/elfaroonline.com.ar\/index.php\/wp-json\/wp\/v2\/tags?post=3542"}],"curies":[{"name":"wp","href":"https:\/\/api.w.org\/{rel}","templated":true}]}}