{"id":3549,"date":"2025-03-25T07:38:57","date_gmt":"2025-03-25T10:38:57","guid":{"rendered":"https:\/\/elfaroonline.com.ar\/?p=3549"},"modified":"2025-03-25T07:38:57","modified_gmt":"2025-03-25T10:38:57","slug":"convenio-marco-para-la-promocion-de-cooperativas-y-mutuales","status":"publish","type":"post","link":"https:\/\/elfaroonline.com.ar\/index.php\/2025\/03\/25\/convenio-marco-para-la-promocion-de-cooperativas-y-mutuales\/","title":{"rendered":"Convenio marco para la promoci\u00f3n de cooperativas y mutuales"},"content":{"rendered":"<p>Para fomentar la promoci\u00f3n y el fortalecimiento de las cooperativas y mutuales de nuestra Provincia, generar nuevas fuentes de empleo privado y facilitar el acceso a servicios profesionales, el Gobierno de Catamarca y el Consejo Profesional de Ciencias Econ\u00f3micas de Catamarca celebraron un \u201cConvenio Marco para la Promoci\u00f3n de Cooperativas y Mutuales\u201d.<br \/>\nLa r\u00fabrica del acuerdo, se realiz\u00f3 entre el ministro de Gobierno, Justicia y Derechos Humanos, Nicol\u00e1s Rosales Matienzo; el secretario de Inspecci\u00f3n General de Personas Jur\u00eddicas, Facundo Ripoll; el director provincial de Acci\u00f3n Cooperativa y Mutual, Gustavo Luis Aparicio; y el presidente del Consejo, Federico Rueda.<br \/>\nEl convenio estipula la implementaci\u00f3n del \u201cPrograma de Promoci\u00f3n de Cooperativas y Mutuales\u201d, destinado a beneficiar a las cooperativas y mutuales inscriptas en la Direcci\u00f3n Provincial de Acci\u00f3n Cooperativa y Mutual.<br \/>\nPor su parte, el Consejo Profesional de Ciencias Econ\u00f3micas de Catamarca se compromete a crear y mantener un Registro de Contadores P\u00fablicos habilitados para prestar servicios profesionales a las cooperativas y mutuales; adem\u00e1s, reducir\u00e1 los aranceles aplicables a la legalizaci\u00f3n de los estados contables de las cooperativas y mutuales, estableci\u00e9ndose un monto fijo de $18.000 por cada ejercicio anual o irregular.<br \/>\nAsimismo, conviene que los honorarios por auditor\u00eda de estados contables ser\u00e1n de acuerdo al siguiente esquema:<br \/>\na) Cooperativas y mutuales inactivas: $ 91.800 por estado contable anual.<br \/>\nb) Cooperativas y mutuales con activos menores a $ 9.760.000 y ingresos anuales menores a $ 2.713.000: $ 145.500 por estado contable anual o irregular.<br \/>\nc) Cooperativas y mutuales que superen uno de los topes del inciso b): $ 195.000 por estado contable anual o irregular.<br \/>\nd) Cooperativas y mutuales que superen ambos topes del inciso b): 75% del importe previsto en la Escala de Honorarios M\u00ednimos \u00c9ticos vigente a la fecha de legalizaci\u00f3n.<br \/>\nDe esta manera, el Consejo se comprometi\u00f3 a reducir los aranceles que le corresponden tanto a las cooperativas como a las mutuales, en concepto de legalizaci\u00f3n de los estados contables. Tambi\u00e9n se estableci\u00f3 un importe fijo por cada ejercicio anual presentado.<\/p>\n","protected":false},"excerpt":{"rendered":"<p>Para fomentar la promoci\u00f3n y el fortalecimiento de las cooperativas y mutuales de nuestra Provincia, generar nuevas fuentes de empleo privado y facilitar el acceso a servicios profesionales, el Gobierno de Catamarca y el Consejo Profesional de Ciencias Econ\u00f3micas de Catamarca celebraron un \u201cConvenio Marco para la Promoci\u00f3n de Cooperativas y Mutuales\u201d. La r\u00fabrica del [&hellip;]<\/p>\n","protected":false},"author":2,"featured_media":3550,"comment_status":"open","ping_status":"open","sticky":false,"template":"","format":"standard","meta":{"footnotes":""},"categories":[23,21],"tags":[],"class_list":{"0":"post-3549","1":"post","2":"type-post","3":"status-publish","4":"format-standard","5":"has-post-thumbnail","7":"category-destacados","8":"category-politica"},"aioseo_notices":[],"_links":{"self":[{"href":"https:\/\/elfaroonline.com.ar\/index.php\/wp-json\/wp\/v2\/posts\/3549","targetHints":{"allow":["GET"]}}],"collection":[{"href":"https:\/\/elfaroonline.com.ar\/index.php\/wp-json\/wp\/v2\/posts"}],"about":[{"href":"https:\/\/elfaroonline.com.ar\/index.php\/wp-json\/wp\/v2\/types\/post"}],"author":[{"embeddable":true,"href":"https:\/\/elfaroonline.com.ar\/index.php\/wp-json\/wp\/v2\/users\/2"}],"replies":[{"embeddable":true,"href":"https:\/\/elfaroonline.com.ar\/index.php\/wp-json\/wp\/v2\/comments?post=3549"}],"version-history":[{"count":1,"href":"https:\/\/elfaroonline.com.ar\/index.php\/wp-json\/wp\/v2\/posts\/3549\/revisions"}],"predecessor-version":[{"id":3551,"href":"https:\/\/elfaroonline.com.ar\/index.php\/wp-json\/wp\/v2\/posts\/3549\/revisions\/3551"}],"wp:featuredmedia":[{"embeddable":true,"href":"https:\/\/elfaroonline.com.ar\/index.php\/wp-json\/wp\/v2\/media\/3550"}],"wp:attachment":[{"href":"https:\/\/elfaroonline.com.ar\/index.php\/wp-json\/wp\/v2\/media?parent=3549"}],"wp:term":[{"taxonomy":"category","embeddable":true,"href":"https:\/\/elfaroonline.com.ar\/index.php\/wp-json\/wp\/v2\/categories?post=3549"},{"taxonomy":"post_tag","embeddable":true,"href":"https:\/\/elfaroonline.com.ar\/index.php\/wp-json\/wp\/v2\/tags?post=3549"}],"curies":[{"name":"wp","href":"https:\/\/api.w.org\/{rel}","templated":true}]}}