{"id":3553,"date":"2025-03-28T07:42:30","date_gmt":"2025-03-28T10:42:30","guid":{"rendered":"https:\/\/elfaroonline.com.ar\/?p=3553"},"modified":"2025-03-28T07:42:30","modified_gmt":"2025-03-28T10:42:30","slug":"catamarca-avanza-en-historica-infraestructura-energetica-y-cooperacion-minera-junto-a-salta-y-jujuy","status":"publish","type":"post","link":"https:\/\/elfaroonline.com.ar\/index.php\/2025\/03\/28\/catamarca-avanza-en-historica-infraestructura-energetica-y-cooperacion-minera-junto-a-salta-y-jujuy\/","title":{"rendered":"Catamarca avanza en hist\u00f3rica infraestructura energ\u00e9tica y cooperaci\u00f3n minera junto a Salta y Jujuy"},"content":{"rendered":"<p class=\"v1MsoNormal\"><i>El gobernador Ra\u00fal Jalil particip\u00f3 de la firma de un acuerdo clave para el desarrollo energ\u00e9tico en la Regi\u00f3n del Litio con inversi\u00f3n por 400 millones de d\u00f3lares. <\/i><\/p>\n<p class=\"v1MsoNormal\">En la ciudad de Salta, el gobernador Ra\u00fal Jalil particip\u00f3 este jueves de la firma de dos acuerdos estrat\u00e9gicos junto a sus pares de Salta, Gustavo S\u00e1enz, y de Jujuy, Carlos Sadir. Los documentos abordan la planificaci\u00f3n de infraestructura el\u00e9ctrica en la Puna y la cooperaci\u00f3n interprovincial para el fortalecimiento del desarrollo minero, reafirmando el compromiso de Catamarca con el crecimiento sustentable de la Regi\u00f3n del Litio.<\/p>\n<p class=\"v1MsoNormal\">En el marco del Tratado Interprovincial de la Regi\u00f3n Minera del Litio, los mandatarios firmaron un acta conjunta que declara de inter\u00e9s estrat\u00e9gico el proyecto de electrificaci\u00f3n de la Puna propuesto por las empresas YPF Luz y Central Puerto. La iniciativa contempla la construcci\u00f3n de electroductos de alta tensi\u00f3n y estaciones transformadoras (ET) que potenciar\u00e1n el abastecimiento energ\u00e9tico de los proyectos mineros y de las comunidades de Catamarca y Salta.<\/p>\n<p class=\"v1MsoNormal\">Este proyecto de infraestructura el\u00e9ctrica tendr\u00e1 una inversi\u00f3n inicial de 400 millones de d\u00f3lares para la construcci\u00f3n del interconectado de Alta Tensi\u00f3n, en una longitud de 300 kil\u00f3metros desde el Proyecto Kachi en Antofagasta de la Sierra hasta Santa Rosa de los Pastos Grandes en la puna salte\u00f1a. Dicha interconexi\u00f3n permitir\u00e1 el transporte el\u00e9ctrico en una capacidad de 350 MW, beneficiando a todas las comunidades y proyectos de la zona.<\/p>\n<p class=\"v1MsoNormal\">El acuerdo pone especial \u00e9nfasis en el respeto ambiental y social del territorio, destacando la necesidad de cumplir con los protocolos de consulta a las comunidades originarias y de trabajar con una visi\u00f3n integral que garantice tarifas justas, inversi\u00f3n privada y generaci\u00f3n de energ\u00eda renovable.<\/p>\n<p class=\"v1MsoNormal\"><b>\u00a0<\/b><\/p>\n<p class=\"v1MsoNormal\"><b>Acuerdo con Salta por el desarrollo minero en zona lim\u00edtrofe<\/b><\/p>\n<p class=\"v1MsoNormal\">En simult\u00e1neo, los gobernadores de Catamarca y Salta firmaron una nueva acta de manifestaci\u00f3n vinculada al proyecto &#8220;F\u00e9nix&#8221;, ubicado en el Salar del Hombre Muerto. Se trata de una zona de l\u00edmites no definidos entre ambas provincias, donde opera la empresa R\u00edo Tinto Lithium. El documento establece un compromiso de trabajo conjunto para garantizar la seguridad jur\u00eddica de las inversiones y generar condiciones de cooperaci\u00f3n t\u00e9cnica, fiscal e institucional.<\/p>\n<p class=\"v1MsoNormal\">&#8220;Seguimos impulsando el desarrollo del Litio con reglas claras, di\u00e1logo interprovincial y una mirada com\u00fan sobre el territorio y los recursos. Esta es una muestra m\u00e1s de que el camino del crecimiento es el trabajo conjunto&#8221;, expres\u00f3 el gobernador Ra\u00fal Jalil tras la firma.<\/p>\n<p class=\"v1MsoNormal\"><b>Planificaci\u00f3n, consenso y desarrollo sustentable<\/b><\/p>\n<p class=\"v1MsoNormal\">Ambos acuerdos fortalecen el rol de Catamarca como protagonista en la transici\u00f3n energ\u00e9tica global y consolidan una pol\u00edtica minera responsable, basada en el consenso, el respeto por las comunidades y la integraci\u00f3n regional. Las mesas t\u00e9cnicas comenzar\u00e1n a trabajar de inmediato para avanzar en los proyectos acordados.<\/p>\n","protected":false},"excerpt":{"rendered":"<p>El gobernador Ra\u00fal Jalil particip\u00f3 de la firma de un acuerdo clave para el desarrollo energ\u00e9tico en la Regi\u00f3n del Litio con inversi\u00f3n por 400 millones de d\u00f3lares. En la ciudad de Salta, el gobernador Ra\u00fal Jalil particip\u00f3 este jueves de la firma de dos acuerdos estrat\u00e9gicos junto a sus pares de Salta, Gustavo S\u00e1enz, [&hellip;]<\/p>\n","protected":false},"author":2,"featured_media":3554,"comment_status":"open","ping_status":"open","sticky":false,"template":"","format":"standard","meta":{"footnotes":""},"categories":[23,21],"tags":[],"class_list":{"0":"post-3553","1":"post","2":"type-post","3":"status-publish","4":"format-standard","5":"has-post-thumbnail","7":"category-destacados","8":"category-politica"},"aioseo_notices":[],"_links":{"self":[{"href":"https:\/\/elfaroonline.com.ar\/index.php\/wp-json\/wp\/v2\/posts\/3553","targetHints":{"allow":["GET"]}}],"collection":[{"href":"https:\/\/elfaroonline.com.ar\/index.php\/wp-json\/wp\/v2\/posts"}],"about":[{"href":"https:\/\/elfaroonline.com.ar\/index.php\/wp-json\/wp\/v2\/types\/post"}],"author":[{"embeddable":true,"href":"https:\/\/elfaroonline.com.ar\/index.php\/wp-json\/wp\/v2\/users\/2"}],"replies":[{"embeddable":true,"href":"https:\/\/elfaroonline.com.ar\/index.php\/wp-json\/wp\/v2\/comments?post=3553"}],"version-history":[{"count":2,"href":"https:\/\/elfaroonline.com.ar\/index.php\/wp-json\/wp\/v2\/posts\/3553\/revisions"}],"predecessor-version":[{"id":3584,"href":"https:\/\/elfaroonline.com.ar\/index.php\/wp-json\/wp\/v2\/posts\/3553\/revisions\/3584"}],"wp:featuredmedia":[{"embeddable":true,"href":"https:\/\/elfaroonline.com.ar\/index.php\/wp-json\/wp\/v2\/media\/3554"}],"wp:attachment":[{"href":"https:\/\/elfaroonline.com.ar\/index.php\/wp-json\/wp\/v2\/media?parent=3553"}],"wp:term":[{"taxonomy":"category","embeddable":true,"href":"https:\/\/elfaroonline.com.ar\/index.php\/wp-json\/wp\/v2\/categories?post=3553"},{"taxonomy":"post_tag","embeddable":true,"href":"https:\/\/elfaroonline.com.ar\/index.php\/wp-json\/wp\/v2\/tags?post=3553"}],"curies":[{"name":"wp","href":"https:\/\/api.w.org\/{rel}","templated":true}]}}