{"id":3556,"date":"2025-03-28T07:43:02","date_gmt":"2025-03-28T10:43:02","guid":{"rendered":"https:\/\/elfaroonline.com.ar\/?p=3556"},"modified":"2025-03-28T07:43:02","modified_gmt":"2025-03-28T10:43:02","slug":"importante-operativo-de-control-vehicular-en-el-valle-central-e-interior-provincial","status":"publish","type":"post","link":"https:\/\/elfaroonline.com.ar\/index.php\/2025\/03\/28\/importante-operativo-de-control-vehicular-en-el-valle-central-e-interior-provincial\/","title":{"rendered":"Importante operativo de control vehicular en el Valle Central e Interior Provincial"},"content":{"rendered":"<p class=\"v1MsoNormal\">Durante la noche de ayer, numerarios de las <b>Comisar\u00edas del Valle Central<\/b> e <b>Interior Provincial, <\/b>conjuntamente con sus pares de los distintos<b> Grupos Especiales <\/b>realizaron recorridos preventivos, controles vehiculares e identificaci\u00f3n de personas en puntos estrat\u00e9gicos de sus jurisdicciones.<\/p>\n<p class=\"v1MsoNormal\">En la ocasi\u00f3n, los polic\u00edas incautaron <b>cuarenta y dos (42) motocicletas<\/b>, <b>un (01) autom\u00f3vil<\/b> y <b>una (01) camioneta<\/b>, debido a que sus conductores infringieran lo normado en la Ley Nacional de Tr\u00e1nsito N\u00b0 24.449 y en el C\u00f3digo de Faltas de la Provincia. Asimismo y en diferentes procedimientos, los uniformados arrestaron a <b>treinta y cuatro (34) personas<\/b> labr\u00e1ndose las actuaciones de rigor, aprehendieron a otras <b>seis (06)<\/b>sospechadas de distintos il\u00edcitos, como as\u00ed tambi\u00e9n recuperaron una (01) garrafa de gas, un (01) alargue, un (01) parlante marca JBL, una (01) impresora HP Deskjet y elementos de librer\u00eda, que quedaron en calidad de secuestro, al igual que un (01) cuchillo.<\/p>\n<p class=\"v1MsoNormal\">Por otra parte y durante el operativo, personal de la <b>Comisar\u00eda El Rodeo<\/b>, en esa localidad del Dpto. Ambato, inspeccion\u00f3 un taxi Fiat Cronos, de color blanco, en el que circulaba un hombre de 54 a\u00f1os de edad, donde observ\u00f3 que en el ba\u00fal esta persona transportaba unos 150 Kg., aproximadamente de carne vacuna, sin la cadena de fr\u00edo y medidas de salubridad e higiene correspondientes, por lo que de inmediato dio intervenci\u00f3n a la Fiscal\u00eda de Instrucci\u00f3n en turno del Distrito Oeste, desde donde se dispuso que se proceda al decomiso e incineraci\u00f3n de la carga.<\/p>\n<p class=\"v1MsoNormal\">Es dable hacer menci\u00f3n, que estos operativos responden a los lineamientos de trabajo brindados desde el Ministerio de Seguridad y la Jefatura de Polic\u00eda, en vistas a brindar m\u00e1s seguridad, con el despliegue de efectivos que trabajan de manera coordinada.<\/p>\n","protected":false},"excerpt":{"rendered":"<p>Durante la noche de ayer, numerarios de las Comisar\u00edas del Valle Central e Interior Provincial, conjuntamente con sus pares de los distintos Grupos Especiales realizaron recorridos preventivos, controles vehiculares e identificaci\u00f3n de personas en puntos estrat\u00e9gicos de sus jurisdicciones. En la ocasi\u00f3n, los polic\u00edas incautaron cuarenta y dos (42) motocicletas, un (01) autom\u00f3vil y una [&hellip;]<\/p>\n","protected":false},"author":2,"featured_media":3557,"comment_status":"open","ping_status":"open","sticky":false,"template":"","format":"standard","meta":{"footnotes":""},"categories":[27],"tags":[],"class_list":{"0":"post-3556","1":"post","2":"type-post","3":"status-publish","4":"format-standard","5":"has-post-thumbnail","7":"category-policiales"},"aioseo_notices":[],"_links":{"self":[{"href":"https:\/\/elfaroonline.com.ar\/index.php\/wp-json\/wp\/v2\/posts\/3556","targetHints":{"allow":["GET"]}}],"collection":[{"href":"https:\/\/elfaroonline.com.ar\/index.php\/wp-json\/wp\/v2\/posts"}],"about":[{"href":"https:\/\/elfaroonline.com.ar\/index.php\/wp-json\/wp\/v2\/types\/post"}],"author":[{"embeddable":true,"href":"https:\/\/elfaroonline.com.ar\/index.php\/wp-json\/wp\/v2\/users\/2"}],"replies":[{"embeddable":true,"href":"https:\/\/elfaroonline.com.ar\/index.php\/wp-json\/wp\/v2\/comments?post=3556"}],"version-history":[{"count":1,"href":"https:\/\/elfaroonline.com.ar\/index.php\/wp-json\/wp\/v2\/posts\/3556\/revisions"}],"predecessor-version":[{"id":3558,"href":"https:\/\/elfaroonline.com.ar\/index.php\/wp-json\/wp\/v2\/posts\/3556\/revisions\/3558"}],"wp:featuredmedia":[{"embeddable":true,"href":"https:\/\/elfaroonline.com.ar\/index.php\/wp-json\/wp\/v2\/media\/3557"}],"wp:attachment":[{"href":"https:\/\/elfaroonline.com.ar\/index.php\/wp-json\/wp\/v2\/media?parent=3556"}],"wp:term":[{"taxonomy":"category","embeddable":true,"href":"https:\/\/elfaroonline.com.ar\/index.php\/wp-json\/wp\/v2\/categories?post=3556"},{"taxonomy":"post_tag","embeddable":true,"href":"https:\/\/elfaroonline.com.ar\/index.php\/wp-json\/wp\/v2\/tags?post=3556"}],"curies":[{"name":"wp","href":"https:\/\/api.w.org\/{rel}","templated":true}]}}