{"id":3559,"date":"2025-03-28T07:43:34","date_gmt":"2025-03-28T10:43:34","guid":{"rendered":"https:\/\/elfaroonline.com.ar\/?p=3559"},"modified":"2025-03-28T07:43:34","modified_gmt":"2025-03-28T10:43:34","slug":"el-embajador-wang-wei-concluyo-su-agenda-interiorizandose-sobre-la-produccion-de-fibra-de-vicuna-y-recorriendo-paisajes-del-ambato","status":"publish","type":"post","link":"https:\/\/elfaroonline.com.ar\/index.php\/2025\/03\/28\/el-embajador-wang-wei-concluyo-su-agenda-interiorizandose-sobre-la-produccion-de-fibra-de-vicuna-y-recorriendo-paisajes-del-ambato\/","title":{"rendered":"El Embajador Wang Wei concluy\u00f3 su agenda interioriz\u00e1ndose sobre la producci\u00f3n de fibra de vicu\u00f1a y recorriendo paisajes del Ambato"},"content":{"rendered":"<div>\n<p class=\"v1MsoNormal\">La comitiva china encabezada por el Embajador de China en Argentina, Wang Wei, culmin\u00f3 su agenda de trabajo en Catamarca este mi\u00e9rcoles con diversas actividades, donde estuvo acompa\u00f1ado por el gobernador Ra\u00fal Jalil.<\/p>\n<p class=\"v1MsoNormal\">Con el objetivo de potenciar la producci\u00f3n y abrir nuevos mercados para la exportaci\u00f3n de la Fibra de vicu\u00f1a, el Gobernador y el diplom\u00e1tico se reunieron con autoridades de la Secretar\u00eda de Agricultura, Ganader\u00eda y Pesca de la Naci\u00f3n para dialogar sobre el trabajo que se realizar\u00e1 con SENASA para mejorar los procesos administrativos y de control de calidad, que permitan un incremento en la esquila y exportaci\u00f3n de la Fibra de Vicu\u00f1a.<\/p>\n<p class=\"v1MsoNormal\">Las autoridades presentes del organismo nacional fueron el jefe de Gabinete de la Secretar\u00eda de Agricultura, Mart\u00edn Fern\u00e1ndez; el subsecretario de Producci\u00f3n Agropecuaria y Forestal, Manuel Chiappe; el subsecretario de Econom\u00edas Regionales y peque\u00f1os y medianos Productores, Mart\u00edn Giachio; y el presidente del SENASA, Pablo Cortese; mientras que tambi\u00e9n acompa\u00f1aron los intendentes de Antofagasta de la Sierra, Mario Cusipuma; de Villa Vil, Ram\u00f3n Guti\u00e9rrez; y de Fiambal\u00e1, Ra\u00fal \u00dasqueda; y el ministro de Inclusi\u00f3n Digital y Sistemas Productivos, Juan Cruz Miranda.<\/p>\n<p class=\"v1MsoNormal\">En la oportunidad, Fern\u00e1ndez destac\u00f3 el di\u00e1logo mantenido con el mandatario provincial y el embajador del pa\u00eds asi\u00e1tico al valorar la &#8220;buena relaci\u00f3n comercial que hay entre ambos pa\u00edses&#8221;.<\/p>\n<p class=\"v1MsoNormal\">Por su parte, el Embajador Wei se\u00f1al\u00f3 que &#8220;China es un mercado amplio y consideramos a Catamarca un buen socio en materia comercial&#8221;. Adem\u00e1s, remarc\u00f3 la importancia y los beneficios que se encuentra arrojando la cooperaci\u00f3n Argentina-China en materia de intercambio de productos y alimentos, y anunci\u00f3 que el viceministro de Agricultura de China arribar\u00e1 a este pa\u00eds el pr\u00f3ximo 13 de abril.<\/p>\n<p class=\"v1MsoNormal\">Como cierre de la agenda el diplom\u00e1tico chino junto a su comitiva recorri\u00f3 distintos lugares de Ambato (La Puerta, El Rodeo y Las Juntas) donde pudo conocer los extraordinarios paisajes que posee nuestra provincia.<\/p>\n<\/div>\n","protected":false},"excerpt":{"rendered":"<p>La comitiva china encabezada por el Embajador de China en Argentina, Wang Wei, culmin\u00f3 su agenda de trabajo en Catamarca este mi\u00e9rcoles con diversas actividades, donde estuvo acompa\u00f1ado por el gobernador Ra\u00fal Jalil. Con el objetivo de potenciar la producci\u00f3n y abrir nuevos mercados para la exportaci\u00f3n de la Fibra de vicu\u00f1a, el Gobernador y [&hellip;]<\/p>\n","protected":false},"author":2,"featured_media":3560,"comment_status":"open","ping_status":"open","sticky":false,"template":"","format":"standard","meta":{"footnotes":""},"categories":[21],"tags":[],"class_list":{"0":"post-3559","1":"post","2":"type-post","3":"status-publish","4":"format-standard","5":"has-post-thumbnail","7":"category-politica"},"aioseo_notices":[],"_links":{"self":[{"href":"https:\/\/elfaroonline.com.ar\/index.php\/wp-json\/wp\/v2\/posts\/3559","targetHints":{"allow":["GET"]}}],"collection":[{"href":"https:\/\/elfaroonline.com.ar\/index.php\/wp-json\/wp\/v2\/posts"}],"about":[{"href":"https:\/\/elfaroonline.com.ar\/index.php\/wp-json\/wp\/v2\/types\/post"}],"author":[{"embeddable":true,"href":"https:\/\/elfaroonline.com.ar\/index.php\/wp-json\/wp\/v2\/users\/2"}],"replies":[{"embeddable":true,"href":"https:\/\/elfaroonline.com.ar\/index.php\/wp-json\/wp\/v2\/comments?post=3559"}],"version-history":[{"count":1,"href":"https:\/\/elfaroonline.com.ar\/index.php\/wp-json\/wp\/v2\/posts\/3559\/revisions"}],"predecessor-version":[{"id":3561,"href":"https:\/\/elfaroonline.com.ar\/index.php\/wp-json\/wp\/v2\/posts\/3559\/revisions\/3561"}],"wp:featuredmedia":[{"embeddable":true,"href":"https:\/\/elfaroonline.com.ar\/index.php\/wp-json\/wp\/v2\/media\/3560"}],"wp:attachment":[{"href":"https:\/\/elfaroonline.com.ar\/index.php\/wp-json\/wp\/v2\/media?parent=3559"}],"wp:term":[{"taxonomy":"category","embeddable":true,"href":"https:\/\/elfaroonline.com.ar\/index.php\/wp-json\/wp\/v2\/categories?post=3559"},{"taxonomy":"post_tag","embeddable":true,"href":"https:\/\/elfaroonline.com.ar\/index.php\/wp-json\/wp\/v2\/tags?post=3559"}],"curies":[{"name":"wp","href":"https:\/\/api.w.org\/{rel}","templated":true}]}}