{"id":356,"date":"2024-04-29T23:23:49","date_gmt":"2024-04-30T02:23:49","guid":{"rendered":"https:\/\/elfaroonline.com.ar\/?p=356"},"modified":"2024-04-29T23:23:49","modified_gmt":"2024-04-30T02:23:49","slug":"el-tribunal-de-cuentas-de-la-provincia-celebro-su-50-aniversario","status":"publish","type":"post","link":"https:\/\/elfaroonline.com.ar\/index.php\/2024\/04\/29\/el-tribunal-de-cuentas-de-la-provincia-celebro-su-50-aniversario\/","title":{"rendered":"El Tribunal de Cuentas de la provincia celebr\u00f3 su 50\u00b0 aniversario"},"content":{"rendered":"<p class=\"v1MsoNormal\">Creado en 1974 mediante una ley sancionada durante el gobierno provincial de Hugo Mott, el Tribunal de Cuentas de la provincia celebr\u00f3 sus 50 a\u00f1os de vida institucional. El gobernador Ra\u00fal Jalil particip\u00f3, junto al presidente del organismo, Jorge Moreno, del acto conmemorativo que tuvo lugar en el Cine Teatro Catamarca.<\/p>\n<p class=\"v1MsoNormal\">El evento cont\u00f3 tambi\u00e9n con la presencia del vicegobernador, Rub\u00e9n Dusso; la presidenta de la C\u00e1mara de Diputados, Paola Fedeli; ministros del Poder Ejecutivo y miembros del Poder Judicial, as\u00ed como tambi\u00e9n el directorio que compone el TC. Adem\u00e1s, como invitado especial estuvo Sergio Oste, presidente del TC de San Luis y quien a su vez preside el Secretariado Permanente de Tribunales de Cuenta, \u00d3rganos y Organismos P\u00fablicos de Control Externo de la Rep\u00fablica Argentina.<\/p>\n<p class=\"v1MsoNormal\">Durante el acto por las Bodas de Oro, se entregaron decretos y reconocimientos de adhesi\u00f3n y salutaci\u00f3n al aniversario del TC por parte de municipios y otros organismos e instituciones. Asimismo, se proyect\u00f3 un video institucional que mostr\u00f3 la evoluci\u00f3n del organismo de control desde su creaci\u00f3n hasta la actualidad.<\/p>\n<p class=\"v1MsoNormal\">El <b>gobernador Ra\u00fal Jalil<\/b> destac\u00f3 el importante rol de contralor que ha desempe\u00f1ado el Tribunal de Cuentas durante sus 50 a\u00f1os de existencia en Catamarca. &#8220;El Tribunal de Cuentas es muy importante, por eso hay una decisi\u00f3n del Gobierno de que tengan su propio lugar de trabajo&#8221;, enfatiz\u00f3. En esta l\u00ednea, Ra\u00fal confirm\u00f3: &#8220;calculo que en dos o tres meses va a estar listo el edificio. La verdad es que es un lindo lugar&#8221;.<\/p>\n<p class=\"v1MsoNormal\">Resalt\u00f3 la evoluci\u00f3n y el papel de la tecnolog\u00eda en los procesos administrativos de control. &#8220;La tecnolog\u00eda va a permitir que en los pr\u00f3ximos a\u00f1os tengamos todos los controles concomitantes, es decir, que en 24 o 48 horas el Estado pueda tomar la decisi\u00f3n de un contrato o pago ya con el control del Tribunal de Cuentas&#8221;, se\u00f1al\u00f3.<\/p>\n<p class=\"v1MsoNormal\">A su vez, <b>Sergio Oste<\/b>, presidente del Secretariado Permanente de Tribunales de Cuentas, \u00d3rganos y Organismos P\u00fablicos de Control Externo de la Rep\u00fablica Argentina, destac\u00f3 la importancia del Tribunal de Cuentas de la provincia y resalt\u00f3 que es uno de los tribunales m\u00e1s j\u00f3venes del pa\u00eds.<\/p>\n<p class=\"v1MsoNormal\">Destac\u00f3 la decisi\u00f3n del Gobierno provincial de construir una nueva sede para el Tribunal de Cuentas de Catamarca, valorando que &#8220;es algo que quedar\u00e1 para siempre como bien del Estado&#8221;.<\/p>\n<p class=\"v1MsoNormal\">El presidente del Tribunal de Cuentas, <b>Jorge Moreno<\/b>, expres\u00f3 su agradecimiento y reafirm\u00f3 el compromiso de la instituci\u00f3n con el servicio a la ciudadan\u00eda. &#8220;Nosotros tenemos que trabajar por la gente, en nuestros distintos roles. La gente, la sociedad, necesita resultados, necesita soluciones&#8221;, se\u00f1al\u00f3 Moreno, resaltando la importancia de brindar respuestas efectivas a las necesidades de la comunidad respecto al control de los organismos del Estado.<\/p>\n","protected":false},"excerpt":{"rendered":"<p>Creado en 1974 mediante una ley sancionada durante el gobierno provincial de Hugo Mott, el Tribunal de Cuentas de la provincia celebr\u00f3 sus 50 a\u00f1os de vida institucional. El gobernador Ra\u00fal Jalil particip\u00f3, junto al presidente del organismo, Jorge Moreno, del acto conmemorativo que tuvo lugar en el Cine Teatro Catamarca. El evento cont\u00f3 tambi\u00e9n [&hellip;]<\/p>\n","protected":false},"author":2,"featured_media":357,"comment_status":"open","ping_status":"open","sticky":false,"template":"","format":"standard","meta":{"footnotes":""},"categories":[21],"tags":[],"class_list":{"0":"post-356","1":"post","2":"type-post","3":"status-publish","4":"format-standard","5":"has-post-thumbnail","7":"category-politica"},"aioseo_notices":[],"_links":{"self":[{"href":"https:\/\/elfaroonline.com.ar\/index.php\/wp-json\/wp\/v2\/posts\/356","targetHints":{"allow":["GET"]}}],"collection":[{"href":"https:\/\/elfaroonline.com.ar\/index.php\/wp-json\/wp\/v2\/posts"}],"about":[{"href":"https:\/\/elfaroonline.com.ar\/index.php\/wp-json\/wp\/v2\/types\/post"}],"author":[{"embeddable":true,"href":"https:\/\/elfaroonline.com.ar\/index.php\/wp-json\/wp\/v2\/users\/2"}],"replies":[{"embeddable":true,"href":"https:\/\/elfaroonline.com.ar\/index.php\/wp-json\/wp\/v2\/comments?post=356"}],"version-history":[{"count":1,"href":"https:\/\/elfaroonline.com.ar\/index.php\/wp-json\/wp\/v2\/posts\/356\/revisions"}],"predecessor-version":[{"id":358,"href":"https:\/\/elfaroonline.com.ar\/index.php\/wp-json\/wp\/v2\/posts\/356\/revisions\/358"}],"wp:featuredmedia":[{"embeddable":true,"href":"https:\/\/elfaroonline.com.ar\/index.php\/wp-json\/wp\/v2\/media\/357"}],"wp:attachment":[{"href":"https:\/\/elfaroonline.com.ar\/index.php\/wp-json\/wp\/v2\/media?parent=356"}],"wp:term":[{"taxonomy":"category","embeddable":true,"href":"https:\/\/elfaroonline.com.ar\/index.php\/wp-json\/wp\/v2\/categories?post=356"},{"taxonomy":"post_tag","embeddable":true,"href":"https:\/\/elfaroonline.com.ar\/index.php\/wp-json\/wp\/v2\/tags?post=356"}],"curies":[{"name":"wp","href":"https:\/\/api.w.org\/{rel}","templated":true}]}}