{"id":3563,"date":"2025-03-28T07:44:03","date_gmt":"2025-03-28T10:44:03","guid":{"rendered":"https:\/\/elfaroonline.com.ar\/?p=3563"},"modified":"2025-03-28T07:44:03","modified_gmt":"2025-03-28T10:44:03","slug":"se-realiza-el-consejo-federal-agropecuario-del-noa-en-catamarca","status":"publish","type":"post","link":"https:\/\/elfaroonline.com.ar\/index.php\/2025\/03\/28\/se-realiza-el-consejo-federal-agropecuario-del-noa-en-catamarca\/","title":{"rendered":"Se realiza el Consejo Federal Agropecuario del NOA en Catamarca"},"content":{"rendered":"<div>\n<p class=\"v1MsoNormal\">Con la participaci\u00f3n de las provincias de Salta, Jujuy, Santiago del Estero, Tucum\u00e1n y Catamarca, organizado por la Secretar\u00eda de Agricultura, Ganader\u00eda y Pesca de la Naci\u00f3n, se llevar\u00e1 a cabo el plenario del Consejo Federal Agropecuario del Noa en el sal\u00f3n auditorio del Hotel Ancasti.<\/p>\n<p class=\"v1MsoNormal\">Los referentes productivos de los gobiernos de la regi\u00f3n, junto a los funcionarios nacionales, expondr\u00e1n sobre las problem\u00e1ticas de la actualidad referidas a la agroindustria y ganader\u00eda.<\/p>\n<p class=\"v1MsoNormal\">En el evento se espera la presencia de Juan Cruz Miranda, ministro de Inclusi\u00f3n Digital y Sistemas Productivos (Catamarca); Patricia R\u00edos, secretaria de Desarrollo Productivo (Jujuy); Mart\u00edn de los R\u00edos, ministro de Producci\u00f3n y Desarrollo Sustentable (Salta);\u00a0 Miguel Mandrile, ministro de Producci\u00f3n, Wilson Michelini, director de Agricultura y Ganader\u00eda; Jos\u00e9 Guillermon, responsable del PROCARNE (Santiago del Estero); Eduardo Castro, secretario de Producci\u00f3n (Tucum\u00e1n).<\/p>\n<p>Tambi\u00e9n estar\u00e1 por el SENASA, Pablo Cortese, presidente de SENASA; los directores regionales de Salta \u2013 Jujuy y NOA Sur; Mar\u00eda Beatriz Giraudo, vicepresidenta del INTA.; Juan Barrera, ZGC BNA Corporativo en BNA.; por SAGYP Sergio Iraeta, secretario de Agricultura, Ganader\u00eda y Pesca; Manuel Chiappe, Subsecretario de Producci\u00f3n Agropecuaria y Forestal; Mart\u00edn Giaccio, subsecretario de Econom\u00edas Regionales y Peque\u00f1os y Medianos Productores; Mart\u00edn Fern\u00e1ndez, jefe de Gabinete; Viviana Robin, Ceremonial y Gloria Garc\u00eda Rio, CFA.<\/p>\n<\/div>\n<div><\/div>\n<div><span style=\"font-family: Arial Narrow, sans-serif; font-size: medium;\">La delegaci\u00f3n de la Secretar\u00eda de Agricultura de la Naci\u00f3n arrib\u00f3 este mi\u00e9rcoles a nuestra provincia, y mantuvo un encuentro con el gobernador Ra\u00fal Jalil donde se analiz\u00f3 el trabajo que se viene realizando en el sector y las proyecciones que hay para trabajar con la Fibra de Vicu\u00f1a en pos de potenciar su proceso de exportaci\u00f3n.\u00a0<\/span><\/div>\n","protected":false},"excerpt":{"rendered":"<p>Con la participaci\u00f3n de las provincias de Salta, Jujuy, Santiago del Estero, Tucum\u00e1n y Catamarca, organizado por la Secretar\u00eda de Agricultura, Ganader\u00eda y Pesca de la Naci\u00f3n, se llevar\u00e1 a cabo el plenario del Consejo Federal Agropecuario del Noa en el sal\u00f3n auditorio del Hotel Ancasti. Los referentes productivos de los gobiernos de la regi\u00f3n, [&hellip;]<\/p>\n","protected":false},"author":2,"featured_media":3564,"comment_status":"open","ping_status":"open","sticky":false,"template":"","format":"standard","meta":{"footnotes":""},"categories":[20],"tags":[],"class_list":{"0":"post-3563","1":"post","2":"type-post","3":"status-publish","4":"format-standard","5":"has-post-thumbnail","7":"category-sociedad"},"aioseo_notices":[],"_links":{"self":[{"href":"https:\/\/elfaroonline.com.ar\/index.php\/wp-json\/wp\/v2\/posts\/3563","targetHints":{"allow":["GET"]}}],"collection":[{"href":"https:\/\/elfaroonline.com.ar\/index.php\/wp-json\/wp\/v2\/posts"}],"about":[{"href":"https:\/\/elfaroonline.com.ar\/index.php\/wp-json\/wp\/v2\/types\/post"}],"author":[{"embeddable":true,"href":"https:\/\/elfaroonline.com.ar\/index.php\/wp-json\/wp\/v2\/users\/2"}],"replies":[{"embeddable":true,"href":"https:\/\/elfaroonline.com.ar\/index.php\/wp-json\/wp\/v2\/comments?post=3563"}],"version-history":[{"count":2,"href":"https:\/\/elfaroonline.com.ar\/index.php\/wp-json\/wp\/v2\/posts\/3563\/revisions"}],"predecessor-version":[{"id":3585,"href":"https:\/\/elfaroonline.com.ar\/index.php\/wp-json\/wp\/v2\/posts\/3563\/revisions\/3585"}],"wp:featuredmedia":[{"embeddable":true,"href":"https:\/\/elfaroonline.com.ar\/index.php\/wp-json\/wp\/v2\/media\/3564"}],"wp:attachment":[{"href":"https:\/\/elfaroonline.com.ar\/index.php\/wp-json\/wp\/v2\/media?parent=3563"}],"wp:term":[{"taxonomy":"category","embeddable":true,"href":"https:\/\/elfaroonline.com.ar\/index.php\/wp-json\/wp\/v2\/categories?post=3563"},{"taxonomy":"post_tag","embeddable":true,"href":"https:\/\/elfaroonline.com.ar\/index.php\/wp-json\/wp\/v2\/tags?post=3563"}],"curies":[{"name":"wp","href":"https:\/\/api.w.org\/{rel}","templated":true}]}}