{"id":3566,"date":"2025-03-28T07:44:33","date_gmt":"2025-03-28T10:44:33","guid":{"rendered":"https:\/\/elfaroonline.com.ar\/?p=3566"},"modified":"2025-03-28T07:44:33","modified_gmt":"2025-03-28T10:44:33","slug":"convocatoria-nacional-para-crear-disenos-de-alfombras-catamarquenas","status":"publish","type":"post","link":"https:\/\/elfaroonline.com.ar\/index.php\/2025\/03\/28\/convocatoria-nacional-para-crear-disenos-de-alfombras-catamarquenas\/","title":{"rendered":"Convocatoria nacional para crear dise\u00f1os de alfombras catamarque\u00f1as"},"content":{"rendered":"<p class=\"v1MsoNormal\">Hasta el 30 de abril est\u00e1 abierta la convocatoria de alcance nacional para artistas, dise\u00f1adores y creativos que busca ampliar y renovar los dise\u00f1os de alfombras y tapices que se producen en la reconocida F\u00e1brica de Alfombras Catamarca, dependiente de la Direcci\u00f3n Provincial de Artesan\u00edas del Ministerio de Cultura, Turismo y Deporte.<\/p>\n<p class=\"v1MsoNormal\">Esta convocatoria de &#8220;Dise\u00f1o Textil Catamarque\u00f1o&#8221;, busca profesionales que puedan postular dise\u00f1os que fomenten la creatividad, potencien el arte textil y fortalezcan el sentido de pertenencia a trav\u00e9s de dise\u00f1os que representen la cultura, el paisaje y la identidad de Catamarca.<\/p>\n<p class=\"v1MsoNormal\">La organizaci\u00f3n promueve la libertad y creatividad de dise\u00f1os, reflejando alguno de los aspectos representativos de Catamarca, cultura, flora, fauna, paisajes o cualquier otro elemento caracter\u00edstico que realce el sentido de pertenencia a la provincia.<\/p>\n<p class=\"v1MsoNormal\"><b>C\u00f3mo presentar la propuesta<\/b><\/p>\n<p class=\"v1MsoNormal\">Los interesados en postular deber\u00e1n descargar un archivo en formato PDF con una cuadr\u00edcula milimetrada de 120 x 180 cm, id\u00e9nticas a las que utilizan como gu\u00eda de dise\u00f1o las tejedoras en la f\u00e1brica, que puede ser intervenida manual o digitalmente, y podr\u00e1n presentar hasta dos dise\u00f1os por participante.<\/p>\n<p class=\"v1MsoNormal\">Para facilitar la integraci\u00f3n del dise\u00f1o con la producci\u00f3n de la f\u00e1brica, se ofrece en otro archivo descargable la paleta de colores de lanas disponibles para materializar los dise\u00f1os.<\/p>\n<p class=\"v1MsoNormal\">Los creativos interesados en participar deber\u00e1n consultar las bases de participaci\u00f3n y completar el formulario de inscripci\u00f3n disponible en <a href=\"https:\/\/bit.ly\/convocatoriadise%C3%B1o2025\" target=\"_blank\" rel=\"noopener noreferrer\">https:\/\/bit.ly\/convocatoriadise\u00f1o2025<\/a><\/p>\n<p class=\"v1MsoNormal\">Junto con la entrega del dise\u00f1o se solicita un texto conceptual que desarrolle el significado de la obra, la elecci\u00f3n de formas y colores, as\u00ed como la inspiraci\u00f3n y referencias utilizadas.<\/p>\n<p class=\"v1MsoNormal\">Los proyectos ser\u00e1n evaluados por un comit\u00e9 de dise\u00f1o integrado por la secretaria de Gesti\u00f3n Cultural Laura Maubec\u00edn; Ayel\u00e9n Acosta, gerenta de la F\u00e1brica de Alfombras; Gonzalo Cancino, director provincial de Artesan\u00edas, Dise\u00f1o y F\u00e1brica de Alfombras; y Esteban Cassinotti, dise\u00f1ador industrial e integrante del equipo de la Direcci\u00f3n de Artesan\u00edas.<\/p>\n<p class=\"v1MsoNormal\">Los criterios de selecci\u00f3n se evaluar\u00e1n de acuerdo a los aspectos de creatividad y originalidad de los proyectos, representatividad de identidad catamarque\u00f1a, viabilidad t\u00e9cnica para la reproducci\u00f3n del dise\u00f1o, armon\u00eda crom\u00e1tica y composici\u00f3n e innovaci\u00f3n en el dise\u00f1o textil.<\/p>\n<p class=\"v1MsoNormal\">Se seleccionar\u00e1n un total de hasta cinco dise\u00f1os ganadores seg\u00fan su calidad y viabilidad. Como reconocimiento, los autores recibir\u00e1n un tapiz de 40x60cm basado en su creaci\u00f3n producido en la F\u00e1brica Artesanal de Alfombras.<\/p>\n<p class=\"v1MsoNormal\">Adem\u00e1s, los dise\u00f1adores premiados firmar\u00e1n un acuerdo de cesi\u00f3n de derechos para que sus dise\u00f1os puedan ser reproducidos y sus nombres, mencionados en las etiquetas de los productos.<\/p>\n<p class=\"v1MsoNormal\">Para m\u00e1s informaci\u00f3n, dudas o consultas dirigirse por correo electr\u00f3nico a la siguiente direcci\u00f3n:<a href=\"mailto:catamarcadireccionartesanias@gmail.com\" rel=\"noreferrer\">catamarcadireccionartesanias@gmail.com<\/a> o personalmente, de lunes a viernes, de 7 a 13 hs en la F\u00e1brica de Alfombras, ubicada en el Predio Ferial Catamarca.<\/p>\n","protected":false},"excerpt":{"rendered":"<p>Hasta el 30 de abril est\u00e1 abierta la convocatoria de alcance nacional para artistas, dise\u00f1adores y creativos que busca ampliar y renovar los dise\u00f1os de alfombras y tapices que se producen en la reconocida F\u00e1brica de Alfombras Catamarca, dependiente de la Direcci\u00f3n Provincial de Artesan\u00edas del Ministerio de Cultura, Turismo y Deporte. Esta convocatoria de [&hellip;]<\/p>\n","protected":false},"author":2,"featured_media":3567,"comment_status":"open","ping_status":"open","sticky":false,"template":"","format":"standard","meta":{"footnotes":""},"categories":[20],"tags":[],"class_list":{"0":"post-3566","1":"post","2":"type-post","3":"status-publish","4":"format-standard","5":"has-post-thumbnail","7":"category-sociedad"},"aioseo_notices":[],"_links":{"self":[{"href":"https:\/\/elfaroonline.com.ar\/index.php\/wp-json\/wp\/v2\/posts\/3566","targetHints":{"allow":["GET"]}}],"collection":[{"href":"https:\/\/elfaroonline.com.ar\/index.php\/wp-json\/wp\/v2\/posts"}],"about":[{"href":"https:\/\/elfaroonline.com.ar\/index.php\/wp-json\/wp\/v2\/types\/post"}],"author":[{"embeddable":true,"href":"https:\/\/elfaroonline.com.ar\/index.php\/wp-json\/wp\/v2\/users\/2"}],"replies":[{"embeddable":true,"href":"https:\/\/elfaroonline.com.ar\/index.php\/wp-json\/wp\/v2\/comments?post=3566"}],"version-history":[{"count":2,"href":"https:\/\/elfaroonline.com.ar\/index.php\/wp-json\/wp\/v2\/posts\/3566\/revisions"}],"predecessor-version":[{"id":3586,"href":"https:\/\/elfaroonline.com.ar\/index.php\/wp-json\/wp\/v2\/posts\/3566\/revisions\/3586"}],"wp:featuredmedia":[{"embeddable":true,"href":"https:\/\/elfaroonline.com.ar\/index.php\/wp-json\/wp\/v2\/media\/3567"}],"wp:attachment":[{"href":"https:\/\/elfaroonline.com.ar\/index.php\/wp-json\/wp\/v2\/media?parent=3566"}],"wp:term":[{"taxonomy":"category","embeddable":true,"href":"https:\/\/elfaroonline.com.ar\/index.php\/wp-json\/wp\/v2\/categories?post=3566"},{"taxonomy":"post_tag","embeddable":true,"href":"https:\/\/elfaroonline.com.ar\/index.php\/wp-json\/wp\/v2\/tags?post=3566"}],"curies":[{"name":"wp","href":"https:\/\/api.w.org\/{rel}","templated":true}]}}