{"id":3570,"date":"2025-03-28T07:45:04","date_gmt":"2025-03-28T10:45:04","guid":{"rendered":"https:\/\/elfaroonline.com.ar\/?p=3570"},"modified":"2025-03-28T07:45:04","modified_gmt":"2025-03-28T10:45:04","slug":"lanzamiento-del-quinto-operativo-botellas-2025","status":"publish","type":"post","link":"https:\/\/elfaroonline.com.ar\/index.php\/2025\/03\/28\/lanzamiento-del-quinto-operativo-botellas-2025\/","title":{"rendered":"Lanzamiento del Quinto Operativo Botellas 2025"},"content":{"rendered":"<p class=\"v1MsoNormal\"><i>Inscripciones abiertas para elaboradores de vino casero, artesanal e industrial registrados en el Instituto Nacional de Vitivinicultura (INV).<\/i><\/p>\n<p class=\"v1MsoNormal\">El Ministerio de Inclusi\u00f3n Digital y Sistemas Productivos, a trav\u00e9s de la Direcci\u00f3n de Certificaci\u00f3n, Comercializaci\u00f3n y Agricultura Sostenible, dependiente de la Secretaria de Producci\u00f3n anuncia la apertura de inscripciones para el Quinto Operativo Botellas 2025, una iniciativa del Programa de Agregado de Valor en Origen destinada a asistir a los elaboradores de vino de la provincia mediante el abastecimiento de botellas Burdeos 750 cc c\u00f3nica baja.<\/p>\n<p class=\"v1MsoNormal\">Las inscripciones estar\u00e1n abiertas del 25 al 30 de marzo, y podr\u00e1n participar elaboradores de vino casero, artesanal e industrial registrados en el Instituto Nacional de Vitivinicultura (INV). La Direcci\u00f3n de Certificaci\u00f3n, Comercializaci\u00f3n y Agricultura Sostenible del Ministerio tomar\u00e1 contacto con cada uno de los inscriptos. Una vez confirmados, los compradores deber\u00e1n realizar el pago y retirar las botellas.<\/p>\n<p class=\"v1MsoNormal\">La distribuci\u00f3n de botellas se realizar\u00e1 desde el Centro de Formaci\u00f3n Municipal, ubicado sobre la Ruta Nacional N\u00b060, en el departamento Tinogasta. Los interesados deben inscribirse en <a href=\"mailto:operativobotellascatamarca@gmail.com\" rel=\"noreferrer\">operativobotellascatamarca@gmail.com<\/a> donde recibir\u00e1 un formulario obligatorio a completar.<\/p>\n<p class=\"v1MsoNormal\">El operativo se basar\u00e1 en el orden de inscripci\u00f3n del presente formulario y estar\u00e1 sujeto a la disponibilidad de botellas. Las ventas se realizar\u00e1n por pallets, cada uno de los cuales contiene 1.164 botellas.<\/p>\n<p class=\"v1MsoNormal\">El Programa de Agregado de Valor en Origen busca fortalecer la producci\u00f3n local mediante el acceso a insumos claves a un costo diferencial.\u00a0 Adem\u00e1s del Operativo Botellas, la iniciativa incluye el Operativo Frascos, que provee frascos de vidrio con tapa dorada a elaboradores de dulces y conservas.<\/p>\n","protected":false},"excerpt":{"rendered":"<p>Inscripciones abiertas para elaboradores de vino casero, artesanal e industrial registrados en el Instituto Nacional de Vitivinicultura (INV). El Ministerio de Inclusi\u00f3n Digital y Sistemas Productivos, a trav\u00e9s de la Direcci\u00f3n de Certificaci\u00f3n, Comercializaci\u00f3n y Agricultura Sostenible, dependiente de la Secretaria de Producci\u00f3n anuncia la apertura de inscripciones para el Quinto Operativo Botellas 2025, una [&hellip;]<\/p>\n","protected":false},"author":2,"featured_media":3571,"comment_status":"open","ping_status":"open","sticky":false,"template":"","format":"standard","meta":{"footnotes":""},"categories":[20],"tags":[],"class_list":{"0":"post-3570","1":"post","2":"type-post","3":"status-publish","4":"format-standard","5":"has-post-thumbnail","7":"category-sociedad"},"aioseo_notices":[],"_links":{"self":[{"href":"https:\/\/elfaroonline.com.ar\/index.php\/wp-json\/wp\/v2\/posts\/3570","targetHints":{"allow":["GET"]}}],"collection":[{"href":"https:\/\/elfaroonline.com.ar\/index.php\/wp-json\/wp\/v2\/posts"}],"about":[{"href":"https:\/\/elfaroonline.com.ar\/index.php\/wp-json\/wp\/v2\/types\/post"}],"author":[{"embeddable":true,"href":"https:\/\/elfaroonline.com.ar\/index.php\/wp-json\/wp\/v2\/users\/2"}],"replies":[{"embeddable":true,"href":"https:\/\/elfaroonline.com.ar\/index.php\/wp-json\/wp\/v2\/comments?post=3570"}],"version-history":[{"count":2,"href":"https:\/\/elfaroonline.com.ar\/index.php\/wp-json\/wp\/v2\/posts\/3570\/revisions"}],"predecessor-version":[{"id":3587,"href":"https:\/\/elfaroonline.com.ar\/index.php\/wp-json\/wp\/v2\/posts\/3570\/revisions\/3587"}],"wp:featuredmedia":[{"embeddable":true,"href":"https:\/\/elfaroonline.com.ar\/index.php\/wp-json\/wp\/v2\/media\/3571"}],"wp:attachment":[{"href":"https:\/\/elfaroonline.com.ar\/index.php\/wp-json\/wp\/v2\/media?parent=3570"}],"wp:term":[{"taxonomy":"category","embeddable":true,"href":"https:\/\/elfaroonline.com.ar\/index.php\/wp-json\/wp\/v2\/categories?post=3570"},{"taxonomy":"post_tag","embeddable":true,"href":"https:\/\/elfaroonline.com.ar\/index.php\/wp-json\/wp\/v2\/tags?post=3570"}],"curies":[{"name":"wp","href":"https:\/\/api.w.org\/{rel}","templated":true}]}}