{"id":3581,"date":"2025-03-28T07:46:31","date_gmt":"2025-03-28T10:46:31","guid":{"rendered":"https:\/\/elfaroonline.com.ar\/?p=3581"},"modified":"2025-03-28T07:46:31","modified_gmt":"2025-03-28T10:46:31","slug":"raul-la-obra-de-infraestructura-electrica-beneficiara-a-comunidades-de-antofagasta-y-hasta-de-fiambala","status":"publish","type":"post","link":"https:\/\/elfaroonline.com.ar\/index.php\/2025\/03\/28\/raul-la-obra-de-infraestructura-electrica-beneficiara-a-comunidades-de-antofagasta-y-hasta-de-fiambala\/","title":{"rendered":"Ra\u00fal: &#8220;la obra de infraestructura el\u00e9ctrica beneficiar\u00e1 a comunidades de Antofagasta y hasta de Fiambal\u00e1&#8221;"},"content":{"rendered":"<p class=\"v1MsoNormal\">El gobernador Ra\u00fal Jalil particip\u00f3 de una nueva reuni\u00f3n de la Mesa del Litio, junto a sus pares de Salta, Gustavo S\u00e1enz, y de Jujuy, Carlos Sadir en la ciudad de Salta.<\/p>\n<p class=\"v1MsoNormal\">All\u00ed, adem\u00e1s de firmar acuerdos para el desarrollo energ\u00e9tico y minero de la Regi\u00f3n, los mandatarios ratificaron su compromiso con el impulso de pol\u00edticas p\u00fablicas que favorezcan el crecimiento de la actividad minera, la atracci\u00f3n de inversiones privadas y la protecci\u00f3n del ambiente y el tejido social.<\/p>\n<p class=\"v1MsoNormal\">El <b>gobernador Ra\u00fal Jalil<\/b> destac\u00f3 la relevancia estrat\u00e9gica del proyecto de obra para infraestructura el\u00e9ctrica en la Puna. &#8220;La Mesa del Litio es un espacio clave para el di\u00e1logo y el dise\u00f1o de pol\u00edticas p\u00fablicas. Me alegra que avancemos con obras de infraestructura el\u00e9ctrica que no s\u00f3lo abastecer\u00e1n a la miner\u00eda, sino que beneficiar\u00e1n tambi\u00e9n a comunidades de Antofagasta de la Sierra y hasta de Fiambal\u00e1, impulsando el turismo y la agroindustria. Cambiar\u00e1n la matriz econ\u00f3mica de la regi\u00f3n&#8221;.<\/p>\n<p class=\"v1MsoNormal\">Jalil tambi\u00e9n subray\u00f3 el rol clave del sector privado: &#8220;Lo importante es que sean dos empresas argentinas, como YPF Luz y Central Puerto, una de mayor\u00eda estatal y otra de capitales privados, que hayan tomado esta decisi\u00f3n. Cuentan con todo nuestro apoyo&#8221;.<\/p>\n<p class=\"v1MsoNormal\">El importante proyecto de infraestructura el\u00e9ctrica en la Puna tendr\u00e1 una inversi\u00f3n de 400 millones de d\u00f3lares para la construcci\u00f3n del interconectado de Alta Tensi\u00f3n Antofagasta de la Sierra-Santa Rosa de los Pastos Grandes, que permitir\u00e1 el transporte el\u00e9ctrico en una capacidad de 350 MW, beneficiando hasta las comunidades del norte de Fiambal\u00e1.<\/p>\n<p class=\"v1MsoNormal\">Tambi\u00e9n valor\u00f3 el acompa\u00f1amiento de la Comisi\u00f3n Econ\u00f3mica para Am\u00e9rica Latina y el Caribe (CEPAL). &#8220;Es fundamental que la CEPAL se involucre en la regi\u00f3n, con una mirada hacia la econom\u00eda circular, la transici\u00f3n energ\u00e9tica y el cambio clim\u00e1tico. Las pol\u00edticas p\u00fablicas deben pensarse no solo desde el Estado, sino tambi\u00e9n articuladas con el sector privado&#8221;, expres\u00f3.<\/p>\n<p class=\"v1MsoNormal\">Por su parte, el gobernador salte\u00f1o <b>Gustavo S\u00e1enz<\/b>remarc\u00f3 el valor de la unidad regional. Tambi\u00e9n llam\u00f3 a generar confianza para atraer inversiones privadas. &#8220;El norte argentino, ese gigante dormido, est\u00e1 despertando. Tenemos el potencial que el mundo hoy necesita: minerales cr\u00edticos, alimentos, econom\u00eda del conocimiento. Y lo estamos haciendo con tres gobernadores que, m\u00e1s all\u00e1 de nuestras banderas pol\u00edticas, trabajamos codo a codo por nuestras provincias&#8221;.<\/p>\n<p class=\"v1MsoNormal\">A su turno, el gobernador de Jujuy, <b>Carlos Sadir<\/b>, celebr\u00f3 la iniciativa y la visi\u00f3n regional del proyecto. &#8220;La Mesa del Litio nos permite pensar el desarrollo de nuestra regi\u00f3n de manera integral. Aunque este proyecto energ\u00e9tico involucre directamente a Salta y Catamarca, el beneficio se extiende a todo el NOA&#8221;.<\/p>\n","protected":false},"excerpt":{"rendered":"<p>El gobernador Ra\u00fal Jalil particip\u00f3 de una nueva reuni\u00f3n de la Mesa del Litio, junto a sus pares de Salta, Gustavo S\u00e1enz, y de Jujuy, Carlos Sadir en la ciudad de Salta. All\u00ed, adem\u00e1s de firmar acuerdos para el desarrollo energ\u00e9tico y minero de la Regi\u00f3n, los mandatarios ratificaron su compromiso con el impulso de [&hellip;]<\/p>\n","protected":false},"author":2,"featured_media":3582,"comment_status":"open","ping_status":"open","sticky":false,"template":"","format":"standard","meta":{"footnotes":""},"categories":[23,21],"tags":[],"class_list":{"0":"post-3581","1":"post","2":"type-post","3":"status-publish","4":"format-standard","5":"has-post-thumbnail","7":"category-destacados","8":"category-politica"},"aioseo_notices":[],"_links":{"self":[{"href":"https:\/\/elfaroonline.com.ar\/index.php\/wp-json\/wp\/v2\/posts\/3581","targetHints":{"allow":["GET"]}}],"collection":[{"href":"https:\/\/elfaroonline.com.ar\/index.php\/wp-json\/wp\/v2\/posts"}],"about":[{"href":"https:\/\/elfaroonline.com.ar\/index.php\/wp-json\/wp\/v2\/types\/post"}],"author":[{"embeddable":true,"href":"https:\/\/elfaroonline.com.ar\/index.php\/wp-json\/wp\/v2\/users\/2"}],"replies":[{"embeddable":true,"href":"https:\/\/elfaroonline.com.ar\/index.php\/wp-json\/wp\/v2\/comments?post=3581"}],"version-history":[{"count":1,"href":"https:\/\/elfaroonline.com.ar\/index.php\/wp-json\/wp\/v2\/posts\/3581\/revisions"}],"predecessor-version":[{"id":3583,"href":"https:\/\/elfaroonline.com.ar\/index.php\/wp-json\/wp\/v2\/posts\/3581\/revisions\/3583"}],"wp:featuredmedia":[{"embeddable":true,"href":"https:\/\/elfaroonline.com.ar\/index.php\/wp-json\/wp\/v2\/media\/3582"}],"wp:attachment":[{"href":"https:\/\/elfaroonline.com.ar\/index.php\/wp-json\/wp\/v2\/media?parent=3581"}],"wp:term":[{"taxonomy":"category","embeddable":true,"href":"https:\/\/elfaroonline.com.ar\/index.php\/wp-json\/wp\/v2\/categories?post=3581"},{"taxonomy":"post_tag","embeddable":true,"href":"https:\/\/elfaroonline.com.ar\/index.php\/wp-json\/wp\/v2\/tags?post=3581"}],"curies":[{"name":"wp","href":"https:\/\/api.w.org\/{rel}","templated":true}]}}