{"id":3588,"date":"2025-03-31T00:14:05","date_gmt":"2025-03-31T03:14:05","guid":{"rendered":"https:\/\/elfaroonline.com.ar\/?p=3588"},"modified":"2025-03-31T00:14:05","modified_gmt":"2025-03-31T03:14:05","slug":"catamarca-y-salta-impulsan-el-desarrollo-del-proyecto-diablillos-que-estima-inversion-de-550-millones-de-dolares","status":"publish","type":"post","link":"https:\/\/elfaroonline.com.ar\/index.php\/2025\/03\/31\/catamarca-y-salta-impulsan-el-desarrollo-del-proyecto-diablillos-que-estima-inversion-de-550-millones-de-dolares\/","title":{"rendered":"Catamarca y Salta impulsan el desarrollo del proyecto &#8220;Diablillos&#8221; que estima inversi\u00f3n de 550 millones de d\u00f3lares"},"content":{"rendered":"<p class=\"v1MsoNormal\"><i>El proyecto minero se encuentra en la zona de cooperaci\u00f3n entre ambas provincias que firmaron un acuerdo para garantizar la seguridad jur\u00eddica.<\/i><\/p>\n<p class=\"v1MsoNormal\">Los gobernadores Ra\u00fal Jalil y Gustavo S\u00e1enz (Salta) firmaron un acuerdo clave para garantizar seguridad jur\u00eddica y fomentar inversiones en la zona de cooperaci\u00f3n. Con una hoja de ruta clara, se avanza en el desarrollo conjunto del proyecto minero, asegurando sustentabilidad y beneficios equitativos para ambas jurisdicciones.<\/p>\n<p class=\"v1MsoNormal\">El Acuerdo de Facilitaci\u00f3n y Fomento para el Desarrollo del Proyecto Minero &#8220;Diablillos-Plata&#8221; busca brindar seguridad jur\u00eddica y previsibilidad a las inversiones en la regi\u00f3n. En este caso, dicho proyecto est\u00e1 a cargo de la empresa Abra Silver, que est\u00e1 avanzando con la factibilidad para una toma de decisi\u00f3n de inversi\u00f3n y construcci\u00f3n a mediados del pr\u00f3ximo a\u00f1o con una estimaci\u00f3n de inversi\u00f3n de aproximadamente 550 millones de d\u00f3lares.<\/p>\n<p class=\"v1MsoNormal\">La firma de este convenio afianza la cooperaci\u00f3n interprovincial, permitiendo transformar una zona que hist\u00f3ricamente fue considerada de conflicto, en un espacio de articulaci\u00f3n y crecimiento productivo.<\/p>\n<p class=\"v1MsoNormal\">Para Catamarca significa un avance importante en lo que respecta puntualmente a este proyecto minero, puesto que tendr\u00e1 una participaci\u00f3n del 50% en regal\u00edas, empleo local, proveedores locales y todo lo que se produzca con el desarrollo del proyecto.<\/p>\n<p class=\"v1MsoNormal\">El ministro de Miner\u00eda, <b>Marcelo Mur\u00faa<\/b>, subray\u00f3: &#8220;Este acuerdo genera seguridad jur\u00eddica, permite acelerar el crecimiento de las inversiones y refuerza un esquema de trabajo conjunto que venimos impulsando hace a\u00f1os. Antes habl\u00e1bamos de una zona de conflicto, hoy, por decisi\u00f3n pol\u00edtica de ambos gobernadores, estamos en una zona de cooperaci\u00f3n con reglas claras y previsibilidad para el sector&#8221;.<\/p>\n<p class=\"v1MsoNormal\">El Country Manager de Abra Silver Resource Corp en Argentina, <b>Eugenio Ponte<\/b>, empresa que opera el Proyecto &#8220;Diablillos &#8211; Plata&#8221;, destac\u00f3 la importancia del acuerdo: &#8220;Hemos cumplido un hito muy importante con la firma del acuerdo entre las dos provincias, que nos brinda seguridad y continuidad para el proyecto. Se trata de una iniciativa que ya est\u00e1 en etapa de factibilidad y que contempla su posible construcci\u00f3n a partir de mediados del a\u00f1o que viene. Este marco de cooperaci\u00f3n genera beneficios no solo para las provincias, sino tambi\u00e9n para las comunidades locales&#8221;.<\/p>\n<p class=\"v1MsoNormal\">Por su parte, desde el Gobierno de Salta, <b>Romina Sassarini<\/b>, secretaria de Miner\u00eda y Energ\u00eda, resalt\u00f3 la importancia de este acuerdo en la estrategia minera provincial. &#8220;Las inversiones mineras son fundamentales para el desarrollo de nuestras provincias, pero este desarrollo debe darse de manera sostenible. En este protocolo, hemos coordinado acciones con el Ministerio de Miner\u00eda de Catamarca para garantizar que la evaluaci\u00f3n y fiscalizaci\u00f3n ambiental de los proyectos se realice en un marco de seguridad jur\u00eddica&#8221;, indic\u00f3 la funcionaria. Adem\u00e1s, Sassarini destac\u00f3 que el antecedente de cooperaci\u00f3n con POSCO en el Salar del Hombre Muerto permiti\u00f3 avanzar en una visi\u00f3n conjunta del desarrollo minero, facilitando acuerdos como el firmado en esta oportunidad.<\/p>\n","protected":false},"excerpt":{"rendered":"<p>El proyecto minero se encuentra en la zona de cooperaci\u00f3n entre ambas provincias que firmaron un acuerdo para garantizar la seguridad jur\u00eddica. Los gobernadores Ra\u00fal Jalil y Gustavo S\u00e1enz (Salta) firmaron un acuerdo clave para garantizar seguridad jur\u00eddica y fomentar inversiones en la zona de cooperaci\u00f3n. Con una hoja de ruta clara, se avanza en [&hellip;]<\/p>\n","protected":false},"author":2,"featured_media":3589,"comment_status":"open","ping_status":"open","sticky":false,"template":"","format":"standard","meta":{"footnotes":""},"categories":[23,21],"tags":[],"class_list":{"0":"post-3588","1":"post","2":"type-post","3":"status-publish","4":"format-standard","5":"has-post-thumbnail","7":"category-destacados","8":"category-politica"},"aioseo_notices":[],"_links":{"self":[{"href":"https:\/\/elfaroonline.com.ar\/index.php\/wp-json\/wp\/v2\/posts\/3588","targetHints":{"allow":["GET"]}}],"collection":[{"href":"https:\/\/elfaroonline.com.ar\/index.php\/wp-json\/wp\/v2\/posts"}],"about":[{"href":"https:\/\/elfaroonline.com.ar\/index.php\/wp-json\/wp\/v2\/types\/post"}],"author":[{"embeddable":true,"href":"https:\/\/elfaroonline.com.ar\/index.php\/wp-json\/wp\/v2\/users\/2"}],"replies":[{"embeddable":true,"href":"https:\/\/elfaroonline.com.ar\/index.php\/wp-json\/wp\/v2\/comments?post=3588"}],"version-history":[{"count":1,"href":"https:\/\/elfaroonline.com.ar\/index.php\/wp-json\/wp\/v2\/posts\/3588\/revisions"}],"predecessor-version":[{"id":3590,"href":"https:\/\/elfaroonline.com.ar\/index.php\/wp-json\/wp\/v2\/posts\/3588\/revisions\/3590"}],"wp:featuredmedia":[{"embeddable":true,"href":"https:\/\/elfaroonline.com.ar\/index.php\/wp-json\/wp\/v2\/media\/3589"}],"wp:attachment":[{"href":"https:\/\/elfaroonline.com.ar\/index.php\/wp-json\/wp\/v2\/media?parent=3588"}],"wp:term":[{"taxonomy":"category","embeddable":true,"href":"https:\/\/elfaroonline.com.ar\/index.php\/wp-json\/wp\/v2\/categories?post=3588"},{"taxonomy":"post_tag","embeddable":true,"href":"https:\/\/elfaroonline.com.ar\/index.php\/wp-json\/wp\/v2\/tags?post=3588"}],"curies":[{"name":"wp","href":"https:\/\/api.w.org\/{rel}","templated":true}]}}