{"id":359,"date":"2024-04-29T23:26:41","date_gmt":"2024-04-30T02:26:41","guid":{"rendered":"https:\/\/elfaroonline.com.ar\/?p=359"},"modified":"2024-04-29T23:26:41","modified_gmt":"2024-04-30T02:26:41","slug":"raul-jalil-confirmo-incremento-para-becas-provinciales-y-cobraran-250-000-en-mayo","status":"publish","type":"post","link":"https:\/\/elfaroonline.com.ar\/index.php\/2024\/04\/29\/raul-jalil-confirmo-incremento-para-becas-provinciales-y-cobraran-250-000-en-mayo\/","title":{"rendered":"Ra\u00fal Jalil  confirm\u00f3 incremento para becas provinciales y cobrar\u00e1n $250.000 en mayo"},"content":{"rendered":"<p class=\"v1MsoNormal\">El Gobernador se reuni\u00f3 este lunes con su equipo econ\u00f3mico y anunci\u00f3 un nuevo incremento para los beneficiarios de becas provinciales.<\/p>\n<p class=\"v1MsoNormal\">\n<p class=\"v1MsoNormal\">En este sentido, confirm\u00f3 que el nuevo monto a percibir por los becados ser\u00e1 de $250.000 a partir de mayo, lo que representa un incremento del 25%. El nuevo aumento, que regir\u00e1 hasta junio, incluye a los beneficiarios de becas &#8220;Catamarca Incluye&#8221; y &#8220;Plan Arraigo&#8221;.<\/p>\n<p class=\"v1MsoNormal\">\n<p class=\"v1MsoNormal\">Con esta nueva medida, las becas provinciales tienen un incremento del 100% respecto de diciembre de 2023.<\/p>\n<p class=\"v1MsoNormal\">\n<p class=\"v1MsoNormal\">Por otra parte, en la reuni\u00f3n de trabajo las autoridades coincidieron en concentrar los esfuerzos econ\u00f3micos-financieros para culminar las obras en ejecuci\u00f3n en los distintos puntos del territorio provincial, en un trabajo conjunto que se viene realizando con los intendentes.<\/p>\n<p class=\"v1MsoNormal\">\n<p class=\"v1MsoNormal\">Estuvieron presentes el ministro de Gobierno, Justicia y Derechos Humanos, Fernando \u00c1vila, la ministra de Econom\u00eda, Alejandra Nazareno, y su equipo de trabajo.<\/p>\n","protected":false},"excerpt":{"rendered":"<p>El Gobernador se reuni\u00f3 este lunes con su equipo econ\u00f3mico y anunci\u00f3 un nuevo incremento para los beneficiarios de becas provinciales. En este sentido, confirm\u00f3 que el nuevo monto a percibir por los becados ser\u00e1 de $250.000 a partir de mayo, lo que representa un incremento del 25%. El nuevo aumento, que regir\u00e1 hasta junio, [&hellip;]<\/p>\n","protected":false},"author":2,"featured_media":360,"comment_status":"open","ping_status":"open","sticky":false,"template":"","format":"standard","meta":{"footnotes":""},"categories":[23],"tags":[],"class_list":{"0":"post-359","1":"post","2":"type-post","3":"status-publish","4":"format-standard","5":"has-post-thumbnail","7":"category-destacados"},"aioseo_notices":[],"_links":{"self":[{"href":"https:\/\/elfaroonline.com.ar\/index.php\/wp-json\/wp\/v2\/posts\/359","targetHints":{"allow":["GET"]}}],"collection":[{"href":"https:\/\/elfaroonline.com.ar\/index.php\/wp-json\/wp\/v2\/posts"}],"about":[{"href":"https:\/\/elfaroonline.com.ar\/index.php\/wp-json\/wp\/v2\/types\/post"}],"author":[{"embeddable":true,"href":"https:\/\/elfaroonline.com.ar\/index.php\/wp-json\/wp\/v2\/users\/2"}],"replies":[{"embeddable":true,"href":"https:\/\/elfaroonline.com.ar\/index.php\/wp-json\/wp\/v2\/comments?post=359"}],"version-history":[{"count":1,"href":"https:\/\/elfaroonline.com.ar\/index.php\/wp-json\/wp\/v2\/posts\/359\/revisions"}],"predecessor-version":[{"id":361,"href":"https:\/\/elfaroonline.com.ar\/index.php\/wp-json\/wp\/v2\/posts\/359\/revisions\/361"}],"wp:featuredmedia":[{"embeddable":true,"href":"https:\/\/elfaroonline.com.ar\/index.php\/wp-json\/wp\/v2\/media\/360"}],"wp:attachment":[{"href":"https:\/\/elfaroonline.com.ar\/index.php\/wp-json\/wp\/v2\/media?parent=359"}],"wp:term":[{"taxonomy":"category","embeddable":true,"href":"https:\/\/elfaroonline.com.ar\/index.php\/wp-json\/wp\/v2\/categories?post=359"},{"taxonomy":"post_tag","embeddable":true,"href":"https:\/\/elfaroonline.com.ar\/index.php\/wp-json\/wp\/v2\/tags?post=359"}],"curies":[{"name":"wp","href":"https:\/\/api.w.org\/{rel}","templated":true}]}}